{"id":325728,"date":"2025-07-17T10:06:17","date_gmt":"2025-07-17T07:06:17","guid":{"rendered":"https:\/\/sana.sy\/tr\/?p=325728"},"modified":"2025-07-17T10:06:17","modified_gmt":"2025-07-17T07:06:17","slug":"israilin-sama-duzenledigi-saldirilarda-3-kisi-hayatini-kaybetti-34-kisi-yaralandi","status":"publish","type":"post","link":"https:\/\/archive.sana.sy\/tr\/?p=325728","title":{"rendered":"\u0130srail&#8217;in \u015eam&#8217;a D\u00fczenledi\u011fi Sald\u0131r\u0131larda 3 Ki\u015fi Hayat\u0131n\u0131 Kaybetti, 34 Ki\u015fi Yaraland\u0131"},"content":{"rendered":"<p style=\"text-align: justify;\"><span style=\"color: #ff0000;\"><strong>\u015eAM (SANA) &#8211;\u00a0 <\/strong><\/span>\u0130\u015fgalci \u0130srail\u2019e ait sava\u015f u\u00e7aklar\u0131, \u015eam ve k\u0131rsal\u0131ndaki \u00e7e\u015fitli b\u00f6lgelere y\u00f6nelik bir dizi hava sald\u0131r\u0131s\u0131 d\u00fczenleyerek \u00e7ok say\u0131da sivilin hayat\u0131n\u0131 kaybetmesine ve yaralanmas\u0131na neden olurken, kamu ve \u00f6zel m\u00fclkiyete ait bir\u00e7ok yap\u0131da da ciddi hasar meydana geldi.<\/p>\n<p style=\"text-align: justify;\">Sa\u011fl\u0131k Bakanl\u0131\u011f\u0131&#8217;n\u0131n medya ofisi SANA&#8217;ya yapt\u0131\u011f\u0131 a\u00e7\u0131klamada, \u015eam&#8217;a d\u00fczenlenen sald\u0131r\u0131lar sonucunda 3 ki\u015finin hayat\u0131n\u0131 kaybetti\u011fini, 34 ki\u015finin de yaraland\u0131\u011f\u0131n\u0131 bildirdi.<\/p>\n<p style=\"text-align: justify;\">\u00d6te yandan, \u0130srail sava\u015f u\u00e7aklar\u0131n\u0131n \u015eam k\u0131rsal\u0131ndaki Katna kenti \u00e7evresini de hedef ald\u0131\u011f\u0131 bildirildi.<\/p>\n<p style=\"text-align: justify;\">\n","protected":false},"excerpt":{"rendered":"<p>\u015eAM (SANA) &#8211;\u00a0 \u0130\u015fgalci \u0130srail\u2019e ait sava\u015f u\u00e7aklar\u0131, \u015eam ve k\u0131rsal\u0131ndaki \u00e7e\u015fitli b\u00f6lgelere y\u00f6nelik bir dizi hava sald\u0131r\u0131s\u0131 d\u00fczenleyerek \u00e7ok say\u0131da sivilin hayat\u0131n\u0131 kaybetmesine ve yaralanmas\u0131na neden olurken, kamu ve \u00f6zel m\u00fclkiyete ait bir\u00e7ok yap\u0131da da ciddi hasar meydana geldi. Sa\u011fl\u0131k Bakanl\u0131\u011f\u0131&#8217;n\u0131n medya ofisi SANA&#8217;ya yapt\u0131\u011f\u0131 a\u00e7\u0131klamada, \u015eam&#8217;a d\u00fczenlenen sald\u0131r\u0131lar sonucunda 3 ki\u015finin hayat\u0131n\u0131 kaybetti\u011fini, &hellip;<\/p>\n","protected":false},"author":39,"featured_media":325729,"comment_status":"closed","ping_status":"closed","sticky":false,"template":"","format":"standard","meta":{"footnotes":""},"categories":[589,479,575,17988,478],"tags":[],"class_list":["post-325728","post","type-post","status-publish","format-standard","has-post-thumbnail","","category-haber-seridi","category-haberler-yerel","category-olaylar-ve-gercekler","category-son-haberler","category-yerel"],"_links":{"self":[{"href":"https:\/\/archive.sana.sy\/tr\/index.php?rest_route=\/wp\/v2\/posts\/325728","targetHints":{"allow":["GET"]}}],"collection":[{"href":"https:\/\/archive.sana.sy\/tr\/index.php?rest_route=\/wp\/v2\/posts"}],"about":[{"href":"https:\/\/archive.sana.sy\/tr\/index.php?rest_route=\/wp\/v2\/types\/post"}],"author":[{"embeddable":true,"href":"https:\/\/archive.sana.sy\/tr\/index.php?rest_route=\/wp\/v2\/users\/39"}],"replies":[{"embeddable":true,"href":"https:\/\/archive.sana.sy\/tr\/index.php?rest_route=%2Fwp%2Fv2%2Fcomments&post=325728"}],"version-history":[{"count":1,"href":"https:\/\/archive.sana.sy\/tr\/index.php?rest_route=\/wp\/v2\/posts\/325728\/revisions"}],"predecessor-version":[{"id":325730,"href":"https:\/\/archive.sana.sy\/tr\/index.php?rest_route=\/wp\/v2\/posts\/325728\/revisions\/325730"}],"wp:featuredmedia":[{"embeddable":true,"href":"https:\/\/archive.sana.sy\/tr\/index.php?rest_route=\/wp\/v2\/media\/325729"}],"wp:attachment":[{"href":"https:\/\/archive.sana.sy\/tr\/index.php?rest_route=%2Fwp%2Fv2%2Fmedia&parent=325728"}],"wp:term":[{"taxonomy":"category","embeddable":true,"href":"https:\/\/archive.sana.sy\/tr\/index.php?rest_route=%2Fwp%2Fv2%2Fcategories&post=325728"},{"taxonomy":"post_tag","embeddable":true,"href":"https:\/\/archive.sana.sy\/tr\/index.php?rest_route=%2Fwp%2Fv2%2Ftags&post=325728"}],"curies":[{"name":"wp","href":"https:\/\/api.w.org\/{rel}","templated":true}]}}