{"id":325731,"date":"2025-07-17T10:14:11","date_gmt":"2025-07-17T07:14:11","guid":{"rendered":"https:\/\/sana.sy\/tr\/?p=325731"},"modified":"2025-07-17T10:14:11","modified_gmt":"2025-07-17T07:14:11","slug":"turkiye-ve-urdun-disisleri-bakanlari-israilin-suriyeye-yonelik-saldirilarina-son-verilmesi-cagrisinda-bulundu","status":"publish","type":"post","link":"https:\/\/archive.sana.sy\/tr\/?p=325731","title":{"rendered":"T\u00fcrkiye Ve \u00dcrd\u00fcn D\u0131\u015fi\u015fleri Bakanlar\u0131, \u0130srail&#8217;in Suriye&#8217;ye Y\u00f6nelik Sald\u0131r\u0131lar\u0131na Son Verilmesi \u00c7a\u011fr\u0131s\u0131nda Bulundu"},"content":{"rendered":"<p style=\"text-align: justify;\"><span style=\"color: #ff0000;\"><strong>ANKARA (SANA) &#8211; <\/strong><\/span>T\u00fcrkiye D\u0131\u015fi\u015fleri Bakan\u0131 Hakan Fidan ve \u00dcrd\u00fcn D\u0131\u015fi\u015fleri Bakan\u0131 Eyman Safadi, \u0130srail&#8217;in Suriye&#8217;ye y\u00f6nelik sald\u0131r\u0131lar\u0131n\u0131n derhal durdurulmas\u0131 gerekti\u011fini vurgulad\u0131.<\/p>\n<p style=\"text-align: justify;\">T\u00fcrkiye D\u0131\u015fi\u015fleri Bakanl\u0131\u011f\u0131&#8217;ndan bir kaynak, Anadolu Ajans\u0131&#8217;na yapt\u0131\u011f\u0131 a\u00e7\u0131klamada, iki bakan\u0131n ger\u00e7ekle\u015ftirdi\u011fi telefon g\u00f6r\u00fc\u015fmesinde, \u0130srail&#8217;in b\u00f6lgesel riskler olu\u015fturan artan sald\u0131r\u0131 ve uygulamalar\u0131n\u0131 ele ald\u0131\u011f\u0131n\u0131 belirtti.<\/p>\n","protected":false},"excerpt":{"rendered":"<p>ANKARA (SANA) &#8211; T\u00fcrkiye D\u0131\u015fi\u015fleri Bakan\u0131 Hakan Fidan ve \u00dcrd\u00fcn D\u0131\u015fi\u015fleri Bakan\u0131 Eyman Safadi, \u0130srail&#8217;in Suriye&#8217;ye y\u00f6nelik sald\u0131r\u0131lar\u0131n\u0131n derhal durdurulmas\u0131 gerekti\u011fini vurgulad\u0131. T\u00fcrkiye D\u0131\u015fi\u015fleri Bakanl\u0131\u011f\u0131&#8217;ndan bir kaynak, Anadolu Ajans\u0131&#8217;na yapt\u0131\u011f\u0131 a\u00e7\u0131klamada, iki bakan\u0131n ger\u00e7ekle\u015ftirdi\u011fi telefon g\u00f6r\u00fc\u015fmesinde, \u0130srail&#8217;in b\u00f6lgesel riskler olu\u015fturan artan sald\u0131r\u0131 ve uygulamalar\u0131n\u0131 ele ald\u0131\u011f\u0131n\u0131 belirtti.<\/p>\n","protected":false},"author":39,"featured_media":325732,"comment_status":"closed","ping_status":"closed","sticky":false,"template":"","format":"standard","meta":{"footnotes":""},"categories":[458,589,459,17988,2554,2555],"tags":[],"class_list":["post-325731","post","type-post","status-publish","format-standard","has-post-thumbnail","","category-dunya1","category-haber-seridi","category-haberler-arap-uluslararasi-politika","category-son-haberler","category-suriye-ve-dunya","category-suriye-ve-turkiye"],"_links":{"self":[{"href":"https:\/\/archive.sana.sy\/tr\/index.php?rest_route=\/wp\/v2\/posts\/325731","targetHints":{"allow":["GET"]}}],"collection":[{"href":"https:\/\/archive.sana.sy\/tr\/index.php?rest_route=\/wp\/v2\/posts"}],"about":[{"href":"https:\/\/archive.sana.sy\/tr\/index.php?rest_route=\/wp\/v2\/types\/post"}],"author":[{"embeddable":true,"href":"https:\/\/archive.sana.sy\/tr\/index.php?rest_route=\/wp\/v2\/users\/39"}],"replies":[{"embeddable":true,"href":"https:\/\/archive.sana.sy\/tr\/index.php?rest_route=%2Fwp%2Fv2%2Fcomments&post=325731"}],"version-history":[{"count":1,"href":"https:\/\/archive.sana.sy\/tr\/index.php?rest_route=\/wp\/v2\/posts\/325731\/revisions"}],"predecessor-version":[{"id":325733,"href":"https:\/\/archive.sana.sy\/tr\/index.php?rest_route=\/wp\/v2\/posts\/325731\/revisions\/325733"}],"wp:featuredmedia":[{"embeddable":true,"href":"https:\/\/archive.sana.sy\/tr\/index.php?rest_route=\/wp\/v2\/media\/325732"}],"wp:attachment":[{"href":"https:\/\/archive.sana.sy\/tr\/index.php?rest_route=%2Fwp%2Fv2%2Fmedia&parent=325731"}],"wp:term":[{"taxonomy":"category","embeddable":true,"href":"https:\/\/archive.sana.sy\/tr\/index.php?rest_route=%2Fwp%2Fv2%2Fcategories&post=325731"},{"taxonomy":"post_tag","embeddable":true,"href":"https:\/\/archive.sana.sy\/tr\/index.php?rest_route=%2Fwp%2Fv2%2Ftags&post=325731"}],"curies":[{"name":"wp","href":"https:\/\/api.w.org\/{rel}","templated":true}]}}