{"id":325738,"date":"2025-07-17T11:12:22","date_gmt":"2025-07-17T08:12:22","guid":{"rendered":"https:\/\/sana.sy\/tr\/?p=325738"},"modified":"2025-07-17T11:12:22","modified_gmt":"2025-07-17T08:12:22","slug":"fidan-israil-istikrarsizliga-yol-acan-politikalarindan-gec-olmadan-vazgecmeli","status":"publish","type":"post","link":"https:\/\/archive.sana.sy\/tr\/?p=325738","title":{"rendered":"Fidan: \u0130srail, \u0130stikrars\u0131zl\u0131\u011fa Yol A\u00e7an Politikalar\u0131ndan Ge\u00e7 Olmadan Vazge\u00e7meli"},"content":{"rendered":"<p style=\"text-align: justify;\"><strong>NEW YORK (SANA) &#8211; <\/strong>T\u00fcrkiye D\u0131\u015fi\u015fleri Bakan\u0131 Hakan Fidan, \u0130srail\u2019in Suriye\u2019ye y\u00f6nelik son sald\u0131r\u0131lar\u0131n\u0131 bir kez daha k\u0131nayarak, \u0130srail&#8217;in asl\u0131nda b\u00f6lgeyi istikrars\u0131zla\u015ft\u0131rmaya dayal\u0131 bir politika izledi\u011fini vurgulad\u0131.<\/p>\n<p style=\"text-align: justify;\">Anadolu Ajans\u0131\u2019n\u0131n haberine g\u00f6re Fidan, \u201cK\u0131br\u0131s\u2019a \u0130li\u015fkin Geni\u015fletilmi\u015f Gayriresmi Toplant\u0131\u201dya kat\u0131l\u0131m\u0131 kapsam\u0131nda New York\u2019ta bas\u0131n mensuplar\u0131na yapt\u0131\u011f\u0131 a\u00e7\u0131klamada, \u201c\u0130srail, att\u0131\u011f\u0131 ad\u0131mlarla kendi ulusal g\u00fcvenli\u011fine \u00f6ncelik verirken, b\u00f6lgedeki di\u011fer \u00fclkelerin herhangi bir kural\u0131n\u0131, d\u00fczenini, hakk\u0131n\u0131, egemenli\u011fini veya toprak b\u00fct\u00fcnl\u00fc\u011f\u00fcn\u00fc tamamen g\u00f6z ard\u0131 ediyor\u201d ifadelerini kullanarak, bu ba\u011flamda \u201c\u0130srail\u2019in, ge\u00e7 olmadan istikrars\u0131zl\u0131\u011fa yol a\u00e7an politikalar\u0131ndan vazge\u00e7mesi gerekti\u011fini\u201d vurgulad\u0131.<\/p>\n<p style=\"text-align: justify;\">Fidan, \u201c\u0130srail\u2019in izledi\u011fi politikalar yaln\u0131zca b\u00f6lge i\u00e7in de\u011fil, ayn\u0131 zamanda \u0130srail\u2019in kendisi i\u00e7in de tehdit olu\u015fturuyor\u201d diyerek, uluslararas\u0131 topluma, \u00f6zellikle ABD, Avrupa Birli\u011fi ve b\u00f6lge \u00fclkelerine, \u0130srail&#8217;e son vermeleri i\u00e7in b\u00fcy\u00fck bir duyarl\u0131l\u0131k g\u00f6stermeleri \u00e7a\u011fr\u0131s\u0131nda bulundu.<\/p>\n<p style=\"text-align: justify;\">T\u00fcrk D\u0131\u015fi\u015fleri Bakan\u0131, \u0130srail\u2019in herkese meydan okuyan bir tav\u0131r sergilemesinin kabul edilemez oldu\u011funa dikkat \u00e7ekerek, T\u00fcrkiye\u2019nin Suriye\u2019deki geli\u015fmelere ili\u015fkin g\u00f6r\u00fc\u015flerini ve \u00f6nerilerini \u0130srail taraf\u0131na T\u00fcrk istihbarat\u0131 arac\u0131l\u0131\u011f\u0131yla iletti\u011fini belirtti.<\/p>\n<p style=\"text-align: justify;\">\u0130srail\u2019in sald\u0131r\u0131lar\u0131n\u0131 durdurmak i\u00e7in b\u00f6lge \u00fclkeleriyle ne t\u00fcr ortak ad\u0131mlar at\u0131labilece\u011fine dair bir soruya yan\u0131t veren Fidan, \u201cB\u00f6lgedeki \u00fclkelerin yan\u0131 s\u0131ra ABD gibi b\u00f6lge d\u0131\u015f\u0131ndaki baz\u0131 \u00fclkeler, \u00f6zellikle de Suriye \u00d6zel Temsilcisi Tom Barrack, konuyu yak\u0131ndan takip ediyor\u201d dedi.<\/p>\n<p style=\"text-align: justify;\">Fidan ayr\u0131ca, Cumhurba\u015fkan\u0131 Recep Tayyip Erdo\u011fan\u2019\u0131n yo\u011fun \u00e7abalar\u0131 ve baz\u0131 \u00fclkelerin katk\u0131lar\u0131yla, ABD, Avrupa Birli\u011fi ve Suudi Arabistan ile i\u015f birli\u011fi i\u00e7erisinde olu\u015fturulan ve tarihe \u00f6rnek olacak \u201cyeni bir yol haritas\u0131n\u0131n\u201d Suriye\u2019de hayata ge\u00e7irildi\u011fini vurgulayarak, bu yol haritas\u0131n\u0131n uluslararas\u0131 toplum taraf\u0131ndan tan\u0131nm\u0131\u015f, yapt\u0131r\u0131mlar\u0131 kald\u0131r\u0131lm\u0131\u015f ve b\u00f6lgede umut vadeden bir ba\u015flang\u0131\u00e7 yapan yeni Suriye h\u00fck\u00fcmetini kapsad\u0131\u011f\u0131n\u0131 hat\u0131rlatt\u0131.<\/p>\n<p style=\"text-align: justify;\">T\u00fcrkiye\u2019nin, Suriye\u2019nin kronik sorunlar\u0131n\u0131 \u00e7\u00f6zmek, toprak b\u00fct\u00fcnl\u00fc\u011f\u00fcn\u00fc, egemenli\u011fini ve g\u00fcvenli\u011fini korumak, ayr\u0131ca t\u00fcm bile\u015fenleri i\u00e7in e\u015fitlik ve \u00f6zg\u00fcrl\u00fc\u011f\u00fc sa\u011flamak amac\u0131yla b\u00f6lge \u00fclkeleri ve ABD ile yak\u0131n diyalog i\u00e7erisinde bu i\u015f birli\u011fini geni\u015fletmeye \u00e7al\u0131\u015ft\u0131\u011f\u0131n\u0131 belirten Fidan, merkezi otoritenin iradesini ortaya koymas\u0131n\u0131n ve g\u00fcvenli\u011fin, bar\u0131\u015f\u0131n ve refah\u0131n tesis edilmesinin \u00f6nemine i\u015faret etti.<\/p>\n<p style=\"text-align: justify;\">Ayr\u0131ca Fidan, S\u00fcveyda vilayetinde ya\u015fanan geli\u015fmelerin ard\u0131ndan Suriye\u2019deki kaotik durumu istismar etme tehlikesine kar\u015f\u0131 YPG ter\u00f6r \u00f6rg\u00fct\u00fcn\u00fc uyard\u0131.<\/p>\n","protected":false},"excerpt":{"rendered":"<p>NEW YORK (SANA) &#8211; T\u00fcrkiye D\u0131\u015fi\u015fleri Bakan\u0131 Hakan Fidan, \u0130srail\u2019in Suriye\u2019ye y\u00f6nelik son sald\u0131r\u0131lar\u0131n\u0131 bir kez daha k\u0131nayarak, \u0130srail&#8217;in asl\u0131nda b\u00f6lgeyi istikrars\u0131zla\u015ft\u0131rmaya dayal\u0131 bir politika izledi\u011fini vurgulad\u0131. Anadolu Ajans\u0131\u2019n\u0131n haberine g\u00f6re Fidan, \u201cK\u0131br\u0131s\u2019a \u0130li\u015fkin Geni\u015fletilmi\u015f Gayriresmi Toplant\u0131\u201dya kat\u0131l\u0131m\u0131 kapsam\u0131nda New York\u2019ta bas\u0131n mensuplar\u0131na yapt\u0131\u011f\u0131 a\u00e7\u0131klamada, \u201c\u0130srail, att\u0131\u011f\u0131 ad\u0131mlarla kendi ulusal g\u00fcvenli\u011fine \u00f6ncelik verirken, b\u00f6lgedeki di\u011fer &hellip;<\/p>\n","protected":false},"author":39,"featured_media":325739,"comment_status":"closed","ping_status":"closed","sticky":false,"template":"","format":"standard","meta":{"footnotes":""},"categories":[458,589,459,17988,2554,2555],"tags":[],"class_list":["post-325738","post","type-post","status-publish","format-standard","has-post-thumbnail","","category-dunya1","category-haber-seridi","category-haberler-arap-uluslararasi-politika","category-son-haberler","category-suriye-ve-dunya","category-suriye-ve-turkiye"],"_links":{"self":[{"href":"https:\/\/archive.sana.sy\/tr\/index.php?rest_route=\/wp\/v2\/posts\/325738","targetHints":{"allow":["GET"]}}],"collection":[{"href":"https:\/\/archive.sana.sy\/tr\/index.php?rest_route=\/wp\/v2\/posts"}],"about":[{"href":"https:\/\/archive.sana.sy\/tr\/index.php?rest_route=\/wp\/v2\/types\/post"}],"author":[{"embeddable":true,"href":"https:\/\/archive.sana.sy\/tr\/index.php?rest_route=\/wp\/v2\/users\/39"}],"replies":[{"embeddable":true,"href":"https:\/\/archive.sana.sy\/tr\/index.php?rest_route=%2Fwp%2Fv2%2Fcomments&post=325738"}],"version-history":[{"count":1,"href":"https:\/\/archive.sana.sy\/tr\/index.php?rest_route=\/wp\/v2\/posts\/325738\/revisions"}],"predecessor-version":[{"id":325740,"href":"https:\/\/archive.sana.sy\/tr\/index.php?rest_route=\/wp\/v2\/posts\/325738\/revisions\/325740"}],"wp:featuredmedia":[{"embeddable":true,"href":"https:\/\/archive.sana.sy\/tr\/index.php?rest_route=\/wp\/v2\/media\/325739"}],"wp:attachment":[{"href":"https:\/\/archive.sana.sy\/tr\/index.php?rest_route=%2Fwp%2Fv2%2Fmedia&parent=325738"}],"wp:term":[{"taxonomy":"category","embeddable":true,"href":"https:\/\/archive.sana.sy\/tr\/index.php?rest_route=%2Fwp%2Fv2%2Fcategories&post=325738"},{"taxonomy":"post_tag","embeddable":true,"href":"https:\/\/archive.sana.sy\/tr\/index.php?rest_route=%2Fwp%2Fv2%2Ftags&post=325738"}],"curies":[{"name":"wp","href":"https:\/\/api.w.org\/{rel}","templated":true}]}}