{"id":325741,"date":"2025-07-17T11:18:13","date_gmt":"2025-07-17T08:18:13","guid":{"rendered":"https:\/\/sana.sy\/tr\/?p=325741"},"modified":"2025-07-17T11:18:13","modified_gmt":"2025-07-17T08:18:13","slug":"guterres-israilin-suriyeye-yonelik-hava-saldirilarini-kinadi-ve-egemenligine-saygi-cagrisinda-bulundu","status":"publish","type":"post","link":"https:\/\/archive.sana.sy\/tr\/?p=325741","title":{"rendered":"Guterres, \u0130srail\u2019in Suriye\u2019ye Y\u00f6nelik Hava Sald\u0131r\u0131lar\u0131n\u0131 K\u0131nad\u0131 ve Egemenli\u011fine Sayg\u0131 \u00c7a\u011fr\u0131s\u0131nda Bulundu"},"content":{"rendered":"<p style=\"text-align: justify;\"><strong><span style=\"color: #ff0000;\">NEW YORK (SANA) &#8211;<\/span>\u00a0<\/strong>Birle\u015fmi\u015f Milletler Genel Sekreteri Antonio Guterres, \u0130srail\u2019in \u015eam, S\u00fcveyda ve Dera\u2019ya y\u00f6nelik artan hava sald\u0131r\u0131lar\u0131n\u0131 k\u0131nayarak, Suriye\u2019nin egemenli\u011fini ve toprak b\u00fct\u00fcnl\u00fc\u011f\u00fcn\u00fc ihlal eden t\u00fcm eylemlerin derhal durdurulmas\u0131 ve 1974 tarihli \u00c7at\u0131\u015fmas\u0131zl\u0131k Anla\u015fmas\u0131\u2019na sayg\u0131 g\u00f6sterilmesi \u00e7a\u011fr\u0131s\u0131nda bulundu.<\/p>\n<p style=\"text-align: justify;\">BM Haber Merkezi taraf\u0131ndan yay\u0131mlanan a\u00e7\u0131klamas\u0131nda Guterres, \u0130srail g\u00fc\u00e7lerinin Suriye Golan\u0131\u2019nda yeniden konu\u015fland\u0131\u011f\u0131na dair raporlar ile S\u00fcveyda\u2019daki t\u0131rman\u0131\u015f\u0131n devam etmesine ili\u015fkin derin endi\u015fe duydu\u011funu ifade ederek, \u201cSivillere y\u00f6nelik her t\u00fcrl\u00fc \u015fiddeti \u015fiddetle k\u0131n\u0131yor, keyfi \u00f6ld\u00fcrmeleri ve Suriye halk\u0131n\u0131, on d\u00f6rt y\u0131l\u0131 a\u015fk\u0131n s\u00fcredir devam eden y\u0131k\u0131c\u0131 \u00e7at\u0131\u015fman\u0131n ard\u0131ndan bar\u0131\u015f ve uzla\u015f\u0131 f\u0131rsatlar\u0131ndan mahrum b\u0131rakan ihlalleri kesin bir dille reddediyorum\u201d dedi.<\/p>\n<p style=\"text-align: justify;\">Guterres, gerginli\u011fin derhal azalt\u0131lmas\u0131, acil tedbirler al\u0131narak s\u00fckunetin sa\u011flanmas\u0131, insani yard\u0131mlar\u0131n ula\u015ft\u0131r\u0131lmas\u0131n\u0131n kolayla\u015ft\u0131r\u0131lmas\u0131, ihlallerin soru\u015fturulmas\u0131 ve sorumlular\u0131n \u015feffaf bir \u015fekilde hesap vermesi gerekti\u011fini yineleyerek, t\u00fcm Suriyelilere ba\u015fsa\u011fl\u0131\u011f\u0131 dileklerini iletti.<\/p>\n","protected":false},"excerpt":{"rendered":"<p>NEW YORK (SANA) &#8211;\u00a0Birle\u015fmi\u015f Milletler Genel Sekreteri Antonio Guterres, \u0130srail\u2019in \u015eam, S\u00fcveyda ve Dera\u2019ya y\u00f6nelik artan hava sald\u0131r\u0131lar\u0131n\u0131 k\u0131nayarak, Suriye\u2019nin egemenli\u011fini ve toprak b\u00fct\u00fcnl\u00fc\u011f\u00fcn\u00fc ihlal eden t\u00fcm eylemlerin derhal durdurulmas\u0131 ve 1974 tarihli \u00c7at\u0131\u015fmas\u0131zl\u0131k Anla\u015fmas\u0131\u2019na sayg\u0131 g\u00f6sterilmesi \u00e7a\u011fr\u0131s\u0131nda bulundu. BM Haber Merkezi taraf\u0131ndan yay\u0131mlanan a\u00e7\u0131klamas\u0131nda Guterres, \u0130srail g\u00fc\u00e7lerinin Suriye Golan\u0131\u2019nda yeniden konu\u015fland\u0131\u011f\u0131na dair raporlar ile &hellip;<\/p>\n","protected":false},"author":39,"featured_media":325742,"comment_status":"closed","ping_status":"closed","sticky":false,"template":"","format":"standard","meta":{"footnotes":""},"categories":[458,589,459,17988],"tags":[],"class_list":["post-325741","post","type-post","status-publish","format-standard","has-post-thumbnail","","category-dunya1","category-haber-seridi","category-haberler-arap-uluslararasi-politika","category-son-haberler"],"_links":{"self":[{"href":"https:\/\/archive.sana.sy\/tr\/index.php?rest_route=\/wp\/v2\/posts\/325741","targetHints":{"allow":["GET"]}}],"collection":[{"href":"https:\/\/archive.sana.sy\/tr\/index.php?rest_route=\/wp\/v2\/posts"}],"about":[{"href":"https:\/\/archive.sana.sy\/tr\/index.php?rest_route=\/wp\/v2\/types\/post"}],"author":[{"embeddable":true,"href":"https:\/\/archive.sana.sy\/tr\/index.php?rest_route=\/wp\/v2\/users\/39"}],"replies":[{"embeddable":true,"href":"https:\/\/archive.sana.sy\/tr\/index.php?rest_route=%2Fwp%2Fv2%2Fcomments&post=325741"}],"version-history":[{"count":1,"href":"https:\/\/archive.sana.sy\/tr\/index.php?rest_route=\/wp\/v2\/posts\/325741\/revisions"}],"predecessor-version":[{"id":325743,"href":"https:\/\/archive.sana.sy\/tr\/index.php?rest_route=\/wp\/v2\/posts\/325741\/revisions\/325743"}],"wp:featuredmedia":[{"embeddable":true,"href":"https:\/\/archive.sana.sy\/tr\/index.php?rest_route=\/wp\/v2\/media\/325742"}],"wp:attachment":[{"href":"https:\/\/archive.sana.sy\/tr\/index.php?rest_route=%2Fwp%2Fv2%2Fmedia&parent=325741"}],"wp:term":[{"taxonomy":"category","embeddable":true,"href":"https:\/\/archive.sana.sy\/tr\/index.php?rest_route=%2Fwp%2Fv2%2Fcategories&post=325741"},{"taxonomy":"post_tag","embeddable":true,"href":"https:\/\/archive.sana.sy\/tr\/index.php?rest_route=%2Fwp%2Fv2%2Ftags&post=325741"}],"curies":[{"name":"wp","href":"https:\/\/api.w.org\/{rel}","templated":true}]}}