{"id":325744,"date":"2025-07-17T11:25:27","date_gmt":"2025-07-17T08:25:27","guid":{"rendered":"https:\/\/sana.sy\/tr\/?p=325744"},"modified":"2025-07-17T11:27:31","modified_gmt":"2025-07-17T08:27:31","slug":"fransa-birlik-ve-guvenligi-pekistirerek-suriyede-egemenligi-saglayacak-kalici-bir-anlasma-cagrisinda-bulundu","status":"publish","type":"post","link":"https:\/\/archive.sana.sy\/tr\/?p=325744","title":{"rendered":"Fransa, Suriye&#8217;de Birli\u011fi G\u00fc\u00e7lendiren, G\u00fcvenli\u011fi Ve Egemenli\u011fi Tesis Eden S\u00fcrd\u00fcr\u00fclebilir Bir Anla\u015fma \u00c7a\u011fr\u0131s\u0131nda Bulundu"},"content":{"rendered":"<p style=\"text-align: justify;\"><span style=\"color: #ff0000;\"><strong>PARIS (SANA) &#8211; <\/strong><\/span>Fransa, S\u00fcveyda b\u00f6lgesinde ilgili taraflarla birlikte Suriye h\u00fck\u00fcmeti taraf\u0131ndan y\u00fcr\u00fct\u00fclen diyalogun yeniden ba\u015flat\u0131lmas\u0131na y\u00f6nelik \u00e7abalar\u0131 destekledi\u011fini belirterek, t\u00fcm Suriyelilerin g\u00fcvenli\u011fini temin edecek \u015fekilde birlik ve beraberli\u011fi g\u00fc\u00e7lendirmeyi, g\u00fcvenli\u011fi tesis etmeyi ve egemenli\u011fi sa\u011flamay\u0131 ama\u00e7layan kal\u0131c\u0131 bir anla\u015fmaya var\u0131lmas\u0131n\u0131 \u00fcmit etti\u011fini ifade etti.<\/p>\n<p style=\"text-align: justify;\">Fransa D\u0131\u015fi\u015fleri Bakanl\u0131\u011f\u0131, resmi internet sitesinde yay\u0131mlad\u0131\u011f\u0131 a\u00e7\u0131klamada, S\u00fcveyda vilayetindeki mevcut geli\u015fmelerden duydu\u011fu endi\u015feyi dile getirerek, t\u00fcm akt\u00f6rleri sivillerin g\u00fcvenli\u011fini sa\u011flamak, s\u00fck\u00fbneti yeniden tesis etmek ve Suriye toplumunun t\u00fcm bile\u015fenleri aras\u0131nda bar\u0131\u015f\u0131 g\u00fc\u00e7lendirmek i\u00e7in \u00e7aba g\u00f6stermeye davet etti.<\/p>\n<p style=\"text-align: justify;\">Bakanl\u0131k ayr\u0131ca 13 \u015eubat\u2019ta yay\u0131mlanan ortak bildiride yer alan taahh\u00fctler ve ilkelere ba\u011fl\u0131l\u0131\u011f\u0131n\u0131 bir kez daha teyit ederken, t\u00fcm akt\u00f6rlerle temaslar\u0131n\u0131 s\u00fcrd\u00fcrd\u00fc\u011f\u00fcn\u00fc vurgulad\u0131 ve t\u00fcm taraflara ate\u015fkese riayet edilmesi ile sivilleri hedef alan ihlallere son verilmesi \u00e7a\u011fr\u0131s\u0131nda bulundu.<\/p>\n","protected":false},"excerpt":{"rendered":"<p>PARIS (SANA) &#8211; Fransa, S\u00fcveyda b\u00f6lgesinde ilgili taraflarla birlikte Suriye h\u00fck\u00fcmeti taraf\u0131ndan y\u00fcr\u00fct\u00fclen diyalogun yeniden ba\u015flat\u0131lmas\u0131na y\u00f6nelik \u00e7abalar\u0131 destekledi\u011fini belirterek, t\u00fcm Suriyelilerin g\u00fcvenli\u011fini temin edecek \u015fekilde birlik ve beraberli\u011fi g\u00fc\u00e7lendirmeyi, g\u00fcvenli\u011fi tesis etmeyi ve egemenli\u011fi sa\u011flamay\u0131 ama\u00e7layan kal\u0131c\u0131 bir anla\u015fmaya var\u0131lmas\u0131n\u0131 \u00fcmit etti\u011fini ifade etti. Fransa D\u0131\u015fi\u015fleri Bakanl\u0131\u011f\u0131, resmi internet sitesinde yay\u0131mlad\u0131\u011f\u0131 a\u00e7\u0131klamada, S\u00fcveyda vilayetindeki &hellip;<\/p>\n","protected":false},"author":39,"featured_media":325745,"comment_status":"closed","ping_status":"closed","sticky":false,"template":"","format":"standard","meta":{"footnotes":""},"categories":[458,479,459,17988,478],"tags":[],"class_list":["post-325744","post","type-post","status-publish","format-standard","has-post-thumbnail","","category-dunya1","category-haberler-yerel","category-haberler-arap-uluslararasi-politika","category-son-haberler","category-yerel"],"_links":{"self":[{"href":"https:\/\/archive.sana.sy\/tr\/index.php?rest_route=\/wp\/v2\/posts\/325744","targetHints":{"allow":["GET"]}}],"collection":[{"href":"https:\/\/archive.sana.sy\/tr\/index.php?rest_route=\/wp\/v2\/posts"}],"about":[{"href":"https:\/\/archive.sana.sy\/tr\/index.php?rest_route=\/wp\/v2\/types\/post"}],"author":[{"embeddable":true,"href":"https:\/\/archive.sana.sy\/tr\/index.php?rest_route=\/wp\/v2\/users\/39"}],"replies":[{"embeddable":true,"href":"https:\/\/archive.sana.sy\/tr\/index.php?rest_route=%2Fwp%2Fv2%2Fcomments&post=325744"}],"version-history":[{"count":3,"href":"https:\/\/archive.sana.sy\/tr\/index.php?rest_route=\/wp\/v2\/posts\/325744\/revisions"}],"predecessor-version":[{"id":325748,"href":"https:\/\/archive.sana.sy\/tr\/index.php?rest_route=\/wp\/v2\/posts\/325744\/revisions\/325748"}],"wp:featuredmedia":[{"embeddable":true,"href":"https:\/\/archive.sana.sy\/tr\/index.php?rest_route=\/wp\/v2\/media\/325745"}],"wp:attachment":[{"href":"https:\/\/archive.sana.sy\/tr\/index.php?rest_route=%2Fwp%2Fv2%2Fmedia&parent=325744"}],"wp:term":[{"taxonomy":"category","embeddable":true,"href":"https:\/\/archive.sana.sy\/tr\/index.php?rest_route=%2Fwp%2Fv2%2Fcategories&post=325744"},{"taxonomy":"post_tag","embeddable":true,"href":"https:\/\/archive.sana.sy\/tr\/index.php?rest_route=%2Fwp%2Fv2%2Ftags&post=325744"}],"curies":[{"name":"wp","href":"https:\/\/api.w.org\/{rel}","templated":true}]}}