{"id":325749,"date":"2025-07-17T11:32:41","date_gmt":"2025-07-17T08:32:41","guid":{"rendered":"https:\/\/sana.sy\/tr\/?p=325749"},"modified":"2025-07-17T11:32:41","modified_gmt":"2025-07-17T08:32:41","slug":"avrupa-konseyi-sama-yonelik-israil-saldirilarindan-endiseliyiz-suriyenin-egemenligine-saygi-gosterilmeli","status":"publish","type":"post","link":"https:\/\/archive.sana.sy\/tr\/?p=325749","title":{"rendered":"Avrupa Konseyi: \u015eam\u2019a Y\u00f6nelik \u0130srail Sald\u0131r\u0131lar\u0131ndan Endi\u015feliyiz, Suriye\u2019nin Egemenli\u011fine Sayg\u0131 G\u00f6sterilmeli"},"content":{"rendered":"<p style=\"text-align: justify;\"><strong>BR\u00dcKSEL (SANA)<\/strong> &#8211; Avrupa Konseyi Ba\u015fkan\u0131 Ant\u00f3nio Costa, \u0130srail\u2019in \u015eam\u2019a y\u00f6nelik ger\u00e7ekle\u015ftirdi\u011fi sald\u0131r\u0131lardan duydu\u011fu derin endi\u015feyi dile getirerek, Suriye\u2019nin egemenli\u011fine ve toprak b\u00fct\u00fcnl\u00fc\u011f\u00fcne mutlaka sayg\u0131 g\u00f6sterilmesi gerekti\u011fini vurgulad\u0131.<\/p>\n<p style=\"text-align: justify;\">Avrupa Konseyi Ba\u015fkan\u0131, X platformundaki payla\u015f\u0131m\u0131nda \u015fu ifadeleri kulland\u0131: \u201c\u015eam\u2019a y\u00f6nelik \u0130srail sald\u0131r\u0131lar\u0131ndan son derece endi\u015feliyiz; Suriye\u2019nin egemenli\u011fine ve toprak b\u00fct\u00fcnl\u00fc\u011f\u00fcne riayet edilmelidir.\u201d<\/p>\n<p style=\"text-align: justify;\">Costa, t\u00fcm taraflara \u015fiddetten ka\u00e7\u0131nmalar\u0131 ve gerginli\u011fi azaltmalar\u0131 \u00e7a\u011fr\u0131s\u0131nda bulunarak, b\u00f6lgede tansiyonun d\u00fc\u015f\u00fcr\u00fclmesinin \u00f6nemine dikkat \u00e7ekti.<\/p>\n","protected":false},"excerpt":{"rendered":"<p>BR\u00dcKSEL (SANA) &#8211; Avrupa Konseyi Ba\u015fkan\u0131 Ant\u00f3nio Costa, \u0130srail\u2019in \u015eam\u2019a y\u00f6nelik ger\u00e7ekle\u015ftirdi\u011fi sald\u0131r\u0131lardan duydu\u011fu derin endi\u015feyi dile getirerek, Suriye\u2019nin egemenli\u011fine ve toprak b\u00fct\u00fcnl\u00fc\u011f\u00fcne mutlaka sayg\u0131 g\u00f6sterilmesi gerekti\u011fini vurgulad\u0131. Avrupa Konseyi Ba\u015fkan\u0131, X platformundaki payla\u015f\u0131m\u0131nda \u015fu ifadeleri kulland\u0131: \u201c\u015eam\u2019a y\u00f6nelik \u0130srail sald\u0131r\u0131lar\u0131ndan son derece endi\u015feliyiz; Suriye\u2019nin egemenli\u011fine ve toprak b\u00fct\u00fcnl\u00fc\u011f\u00fcne riayet edilmelidir.\u201d Costa, t\u00fcm taraflara \u015fiddetten &hellip;<\/p>\n","protected":false},"author":39,"featured_media":325750,"comment_status":"closed","ping_status":"closed","sticky":false,"template":"","format":"standard","meta":{"footnotes":""},"categories":[458,589,459,17988],"tags":[],"class_list":["post-325749","post","type-post","status-publish","format-standard","has-post-thumbnail","","category-dunya1","category-haber-seridi","category-haberler-arap-uluslararasi-politika","category-son-haberler"],"_links":{"self":[{"href":"https:\/\/archive.sana.sy\/tr\/index.php?rest_route=\/wp\/v2\/posts\/325749","targetHints":{"allow":["GET"]}}],"collection":[{"href":"https:\/\/archive.sana.sy\/tr\/index.php?rest_route=\/wp\/v2\/posts"}],"about":[{"href":"https:\/\/archive.sana.sy\/tr\/index.php?rest_route=\/wp\/v2\/types\/post"}],"author":[{"embeddable":true,"href":"https:\/\/archive.sana.sy\/tr\/index.php?rest_route=\/wp\/v2\/users\/39"}],"replies":[{"embeddable":true,"href":"https:\/\/archive.sana.sy\/tr\/index.php?rest_route=%2Fwp%2Fv2%2Fcomments&post=325749"}],"version-history":[{"count":1,"href":"https:\/\/archive.sana.sy\/tr\/index.php?rest_route=\/wp\/v2\/posts\/325749\/revisions"}],"predecessor-version":[{"id":325751,"href":"https:\/\/archive.sana.sy\/tr\/index.php?rest_route=\/wp\/v2\/posts\/325749\/revisions\/325751"}],"wp:featuredmedia":[{"embeddable":true,"href":"https:\/\/archive.sana.sy\/tr\/index.php?rest_route=\/wp\/v2\/media\/325750"}],"wp:attachment":[{"href":"https:\/\/archive.sana.sy\/tr\/index.php?rest_route=%2Fwp%2Fv2%2Fmedia&parent=325749"}],"wp:term":[{"taxonomy":"category","embeddable":true,"href":"https:\/\/archive.sana.sy\/tr\/index.php?rest_route=%2Fwp%2Fv2%2Fcategories&post=325749"},{"taxonomy":"post_tag","embeddable":true,"href":"https:\/\/archive.sana.sy\/tr\/index.php?rest_route=%2Fwp%2Fv2%2Ftags&post=325749"}],"curies":[{"name":"wp","href":"https:\/\/api.w.org\/{rel}","templated":true}]}}