{"id":32575,"date":"2015-05-09T09:39:48","date_gmt":"2015-05-09T06:39:48","guid":{"rendered":"http:\/\/sana.sy\/tr\/?p=32575"},"modified":"2015-05-09T09:39:48","modified_gmt":"2015-05-09T06:39:48","slug":"teroristlerin-havan-saldirilari-sonucunda-bir-baba-ve-oglu-sehit-dustu","status":"publish","type":"post","link":"https:\/\/archive.sana.sy\/tr\/?p=32575","title":{"rendered":"Ter\u00f6ristlerin Havan Sald\u0131r\u0131lar\u0131 Sonucunda Bir Baba ve O\u011flu \u015eehit D\u00fc\u015ft\u00fc"},"content":{"rendered":"<p>\u015eAM \u2013 Silahl\u0131 ter\u00f6r gruplar\u0131n\u0131n d\u00fcn \u015eam k\u0131rsal\u0131nda d\u00fczenledikleri havan sald\u0131r\u0131lar\u0131 sonucunda bir baba \u00e7ocu\u011fuyla birlikte \u015fehit d\u00fc\u015ft\u00fc.<\/p>\n<p>\u015eam Emniyet M\u00fcd\u00fcrl\u00fc\u011f\u00fcnde yetkili bir kaynak SANA\u2019ya yapt\u0131\u011f\u0131 a\u00e7\u0131klamada silahl\u0131 ter\u00f6r gruplar\u0131n\u0131n \u015eam K\u0131rsal\u0131n\u0131n Harasta Semtinde 4 adet havan mermisi f\u0131rlatt\u0131klar\u0131n\u0131 ve sivil konut b\u00f6lgelerine isabet eden bu havan mermilerinin bir baban\u0131n \u00e7ocu\u011fuyla birlikte hayat\u0131n\u0131 kaybetmesine neden oldu\u011funu dile getirdi.<\/p>\n<p>Ter\u00f6r sald\u0131r\u0131lar\u0131nda ayr\u0131ca bir\u00e7ok vatanda\u015f\u0131n yaraland\u0131\u011f\u0131na i\u015faret eden kaynak, havan mermilerinin isabet ettikleri noktalarda maddi hasar da meydana geldi\u011fini belirtti.<\/p>\n<p>F.B &#8211; S.\u015e<\/p>\n","protected":false},"excerpt":{"rendered":"<p>\u015eAM \u2013 Silahl\u0131 ter\u00f6r gruplar\u0131n\u0131n d\u00fcn \u015eam k\u0131rsal\u0131nda d\u00fczenledikleri havan sald\u0131r\u0131lar\u0131 sonucunda bir baba \u00e7ocu\u011fuyla birlikte \u015fehit d\u00fc\u015ft\u00fc. \u015eam Emniyet M\u00fcd\u00fcrl\u00fc\u011f\u00fcnde yetkili bir kaynak SANA\u2019ya yapt\u0131\u011f\u0131 a\u00e7\u0131klamada silahl\u0131 ter\u00f6r gruplar\u0131n\u0131n \u015eam K\u0131rsal\u0131n\u0131n Harasta Semtinde 4 adet havan mermisi f\u0131rlatt\u0131klar\u0131n\u0131 ve sivil konut b\u00f6lgelerine isabet eden bu havan mermilerinin bir baban\u0131n \u00e7ocu\u011fuyla birlikte hayat\u0131n\u0131 kaybetmesine neden &hellip;<\/p>\n","protected":false},"author":1,"featured_media":27117,"comment_status":"closed","ping_status":"closed","sticky":false,"template":"","format":"standard","meta":{"footnotes":""},"categories":[479,575,478],"tags":[14387],"class_list":["post-32575","post","type-post","status-publish","format-standard","has-post-thumbnail","","category-haberler-yerel","category-olaylar-ve-gercekler","category-yerel","tag-teroristlerin-havan-saldirilari-sonucunda-bir-baba-ve-oglu-sehit-dustu"],"_links":{"self":[{"href":"https:\/\/archive.sana.sy\/tr\/index.php?rest_route=\/wp\/v2\/posts\/32575","targetHints":{"allow":["GET"]}}],"collection":[{"href":"https:\/\/archive.sana.sy\/tr\/index.php?rest_route=\/wp\/v2\/posts"}],"about":[{"href":"https:\/\/archive.sana.sy\/tr\/index.php?rest_route=\/wp\/v2\/types\/post"}],"author":[{"embeddable":true,"href":"https:\/\/archive.sana.sy\/tr\/index.php?rest_route=\/wp\/v2\/users\/1"}],"replies":[{"embeddable":true,"href":"https:\/\/archive.sana.sy\/tr\/index.php?rest_route=%2Fwp%2Fv2%2Fcomments&post=32575"}],"version-history":[{"count":0,"href":"https:\/\/archive.sana.sy\/tr\/index.php?rest_route=\/wp\/v2\/posts\/32575\/revisions"}],"wp:featuredmedia":[{"embeddable":true,"href":"https:\/\/archive.sana.sy\/tr\/index.php?rest_route=\/wp\/v2\/media\/27117"}],"wp:attachment":[{"href":"https:\/\/archive.sana.sy\/tr\/index.php?rest_route=%2Fwp%2Fv2%2Fmedia&parent=32575"}],"wp:term":[{"taxonomy":"category","embeddable":true,"href":"https:\/\/archive.sana.sy\/tr\/index.php?rest_route=%2Fwp%2Fv2%2Fcategories&post=32575"},{"taxonomy":"post_tag","embeddable":true,"href":"https:\/\/archive.sana.sy\/tr\/index.php?rest_route=%2Fwp%2Fv2%2Ftags&post=32575"}],"curies":[{"name":"wp","href":"https:\/\/api.w.org\/{rel}","templated":true}]}}