{"id":325752,"date":"2025-07-17T11:42:49","date_gmt":"2025-07-17T08:42:49","guid":{"rendered":"https:\/\/sana.sy\/tr\/?p=325752"},"modified":"2025-07-17T19:03:38","modified_gmt":"2025-07-17T16:03:38","slug":"pedersen-israili-suriyenin-egemenligi-ve-toprak-butunlugunu-ihlal-eden-eylemlerini-durdurmaya-cagirdi","status":"publish","type":"post","link":"https:\/\/archive.sana.sy\/tr\/?p=325752","title":{"rendered":"Pedersen, \u0130srail\u2019i Suriye\u2019nin Egemenli\u011fi ve Toprak B\u00fct\u00fcnl\u00fc\u011f\u00fcn\u00fc \u0130hlal Eden Eylemlerini Durdurmaya \u00c7a\u011f\u0131rd\u0131"},"content":{"rendered":"<p style=\"text-align: justify;\"><strong><span style=\"color: #ff0000;\">NEW YORK (SANA)<\/span> &#8211; <\/strong>Birle\u015fmi\u015f Milletler\u2019in Suriye \u00d6zel Temsilcisi Geir Pedersen, \u0130srail\u2019in Suriye topraklar\u0131na y\u00f6nelik sald\u0131r\u0131lar\u0131n\u0131, \u00f6zellikle \u015eam\u2019\u0131n merkezine d\u00fczenlenen ve \u00fc\u00e7 ki\u015finin hayat\u0131n\u0131 kaybetmesine, 34 ki\u015finin yaralanmas\u0131na ve m\u00fclkiyetlerde ciddi maddi hasara yol a\u00e7an hava sald\u0131r\u0131lar\u0131n\u0131 k\u0131nad\u0131.<\/p>\n<p style=\"text-align: justify;\">Pedersen, ofisinin internet sitesinde yay\u0131mlanan a\u00e7\u0131klamas\u0131nda, \u0130srail\u2019i Suriye\u2019nin egemenli\u011fini ve toprak b\u00fct\u00fcnl\u00fc\u011f\u00fcn\u00fc ihlal eden t\u00fcm eylemlerini derhal durdurmaya ve \u00e7at\u0131\u015fmay\u0131 daha da derinle\u015ftiren tek tarafl\u0131 ad\u0131mlardan ka\u00e7\u0131nmaya davet etti.<\/p>\n<p style=\"text-align: justify;\">Pedersen ayr\u0131ca, Suriye h\u00fck\u00fcmeti ile ilgili t\u00fcm Suriyeli taraflara, \u00fclkenin birli\u011fini ve t\u00fcm bile\u015fenleriyle \u00e7e\u015fitlili\u011fini yans\u0131tan, istikrar unsuru olabilecek siyasi uzla\u015f\u0131 temelini in\u015fa etmeye devam etmeleri ve bu hedefleri tehlikeye atabilecek her t\u00fcrl\u00fc giri\u015fimden uzak durmalar\u0131 \u00e7a\u011fr\u0131s\u0131nda bulundu.<\/p>\n<p style=\"text-align: justify;\">S\u00fcveyde\u2019deki duruma ili\u015fkin olarak Pedersen, BM Genel Sekreteri\u2019nin derhal gerginli\u011fin d\u00fc\u015f\u00fcr\u00fclmesi, sivillerin korunmas\u0131, huzurun sa\u011flanmas\u0131 ve diyalo\u011fa geri d\u00f6n\u00fclmesi y\u00f6n\u00fcndeki \u00e7a\u011fr\u0131s\u0131n\u0131 yineleyerek, ihlallerden sorumlu olanlar\u0131n hesap vermesi i\u00e7in \u015feffaf ve a\u00e7\u0131k bir soru\u015fturma yap\u0131lmas\u0131 gerekti\u011fini vurgulad\u0131.<\/p>\n","protected":false},"excerpt":{"rendered":"<p>NEW YORK (SANA) &#8211; Birle\u015fmi\u015f Milletler\u2019in Suriye \u00d6zel Temsilcisi Geir Pedersen, \u0130srail\u2019in Suriye topraklar\u0131na y\u00f6nelik sald\u0131r\u0131lar\u0131n\u0131, \u00f6zellikle \u015eam\u2019\u0131n merkezine d\u00fczenlenen ve \u00fc\u00e7 ki\u015finin hayat\u0131n\u0131 kaybetmesine, 34 ki\u015finin yaralanmas\u0131na ve m\u00fclkiyetlerde ciddi maddi hasara yol a\u00e7an hava sald\u0131r\u0131lar\u0131n\u0131 k\u0131nad\u0131. Pedersen, ofisinin internet sitesinde yay\u0131mlanan a\u00e7\u0131klamas\u0131nda, \u0130srail\u2019i Suriye\u2019nin egemenli\u011fini ve toprak b\u00fct\u00fcnl\u00fc\u011f\u00fcn\u00fc ihlal eden t\u00fcm eylemlerini derhal &hellip;<\/p>\n","protected":false},"author":39,"featured_media":325753,"comment_status":"closed","ping_status":"closed","sticky":false,"template":"","format":"standard","meta":{"footnotes":""},"categories":[458,589,459,17988],"tags":[],"class_list":["post-325752","post","type-post","status-publish","format-standard","has-post-thumbnail","","category-dunya1","category-haber-seridi","category-haberler-arap-uluslararasi-politika","category-son-haberler"],"_links":{"self":[{"href":"https:\/\/archive.sana.sy\/tr\/index.php?rest_route=\/wp\/v2\/posts\/325752","targetHints":{"allow":["GET"]}}],"collection":[{"href":"https:\/\/archive.sana.sy\/tr\/index.php?rest_route=\/wp\/v2\/posts"}],"about":[{"href":"https:\/\/archive.sana.sy\/tr\/index.php?rest_route=\/wp\/v2\/types\/post"}],"author":[{"embeddable":true,"href":"https:\/\/archive.sana.sy\/tr\/index.php?rest_route=\/wp\/v2\/users\/39"}],"replies":[{"embeddable":true,"href":"https:\/\/archive.sana.sy\/tr\/index.php?rest_route=%2Fwp%2Fv2%2Fcomments&post=325752"}],"version-history":[{"count":2,"href":"https:\/\/archive.sana.sy\/tr\/index.php?rest_route=\/wp\/v2\/posts\/325752\/revisions"}],"predecessor-version":[{"id":325809,"href":"https:\/\/archive.sana.sy\/tr\/index.php?rest_route=\/wp\/v2\/posts\/325752\/revisions\/325809"}],"wp:featuredmedia":[{"embeddable":true,"href":"https:\/\/archive.sana.sy\/tr\/index.php?rest_route=\/wp\/v2\/media\/325753"}],"wp:attachment":[{"href":"https:\/\/archive.sana.sy\/tr\/index.php?rest_route=%2Fwp%2Fv2%2Fmedia&parent=325752"}],"wp:term":[{"taxonomy":"category","embeddable":true,"href":"https:\/\/archive.sana.sy\/tr\/index.php?rest_route=%2Fwp%2Fv2%2Fcategories&post=325752"},{"taxonomy":"post_tag","embeddable":true,"href":"https:\/\/archive.sana.sy\/tr\/index.php?rest_route=%2Fwp%2Fv2%2Ftags&post=325752"}],"curies":[{"name":"wp","href":"https:\/\/api.w.org\/{rel}","templated":true}]}}