{"id":325755,"date":"2025-07-17T12:10:46","date_gmt":"2025-07-17T09:10:46","guid":{"rendered":"https:\/\/sana.sy\/tr\/?p=325755"},"modified":"2025-07-17T12:11:10","modified_gmt":"2025-07-17T09:11:10","slug":"folkner-israilin-suriyeye-yonelik-saldirilari-istikrari-tehdit-ediyor","status":"publish","type":"post","link":"https:\/\/archive.sana.sy\/tr\/?p=325755","title":{"rendered":"Folkner: \u0130srail\u2019in Suriye\u2019ye Y\u00f6nelik Sald\u0131r\u0131lar\u0131 \u0130stikrar\u0131 Tehdit Ediyor"},"content":{"rendered":"<p style=\"text-align: justify;\"><span style=\"color: #ff0000;\"><strong>LONDRA (SANA) &#8211;\u00a0<\/strong><\/span>Birle\u015fik Krall\u0131k Orta Do\u011fu ve Kuzey Afrika Devlet Bakan\u0131 Himesh Folkner, Suriye\u2019nin egemenli\u011fine sayg\u0131 g\u00f6sterilmesi gerekti\u011fini vurgulayarak, \u0130srail\u2019in Suriye topraklar\u0131na y\u00f6nelik sald\u0131r\u0131lar\u0131n\u0131n istikrar\u0131 tehdit etti\u011fini ifade etti.<\/p>\n<p style=\"text-align: justify;\">Folkner, X platformundaki hesab\u0131ndan yapt\u0131\u011f\u0131 payla\u015f\u0131mda, \u201c\u0130srail\u2019in \u015eam\u2019a y\u00f6nelik sald\u0131r\u0131lar\u0131 \u00fclkenin istikrar\u0131n\u0131 bozma riski ta\u015f\u0131yor ve Suriye\u2019nin egemenli\u011fine mutlaka sayg\u0131 g\u00f6sterilmelidir\u201d ifadelerini kulland\u0131.<\/p>\n<p style=\"text-align: justify;\">Folkner ayr\u0131ca, Suriye\u2019deki gerginlikten duydu\u011fu endi\u015feyi dile getirerek, sivillerin korunmas\u0131n\u0131n, ate\u015fkesin korunmas\u0131n\u0131n ve S\u00fcveyde\u2019de \u015fiddet eylemlerini ger\u00e7ekle\u015ftirenlerin hesap vermesinin \u00f6nemine i\u015faret etti.<\/p>\n<p style=\"text-align: justify;\">\n","protected":false},"excerpt":{"rendered":"<p>LONDRA (SANA) &#8211;\u00a0Birle\u015fik Krall\u0131k Orta Do\u011fu ve Kuzey Afrika Devlet Bakan\u0131 Himesh Folkner, Suriye\u2019nin egemenli\u011fine sayg\u0131 g\u00f6sterilmesi gerekti\u011fini vurgulayarak, \u0130srail\u2019in Suriye topraklar\u0131na y\u00f6nelik sald\u0131r\u0131lar\u0131n\u0131n istikrar\u0131 tehdit etti\u011fini ifade etti. Folkner, X platformundaki hesab\u0131ndan yapt\u0131\u011f\u0131 payla\u015f\u0131mda, \u201c\u0130srail\u2019in \u015eam\u2019a y\u00f6nelik sald\u0131r\u0131lar\u0131 \u00fclkenin istikrar\u0131n\u0131 bozma riski ta\u015f\u0131yor ve Suriye\u2019nin egemenli\u011fine mutlaka sayg\u0131 g\u00f6sterilmelidir\u201d ifadelerini kulland\u0131. Folkner ayr\u0131ca, Suriye\u2019deki &hellip;<\/p>\n","protected":false},"author":39,"featured_media":325757,"comment_status":"closed","ping_status":"closed","sticky":false,"template":"","format":"standard","meta":{"footnotes":""},"categories":[458,589,459,17988],"tags":[],"class_list":["post-325755","post","type-post","status-publish","format-standard","has-post-thumbnail","","category-dunya1","category-haber-seridi","category-haberler-arap-uluslararasi-politika","category-son-haberler"],"_links":{"self":[{"href":"https:\/\/archive.sana.sy\/tr\/index.php?rest_route=\/wp\/v2\/posts\/325755","targetHints":{"allow":["GET"]}}],"collection":[{"href":"https:\/\/archive.sana.sy\/tr\/index.php?rest_route=\/wp\/v2\/posts"}],"about":[{"href":"https:\/\/archive.sana.sy\/tr\/index.php?rest_route=\/wp\/v2\/types\/post"}],"author":[{"embeddable":true,"href":"https:\/\/archive.sana.sy\/tr\/index.php?rest_route=\/wp\/v2\/users\/39"}],"replies":[{"embeddable":true,"href":"https:\/\/archive.sana.sy\/tr\/index.php?rest_route=%2Fwp%2Fv2%2Fcomments&post=325755"}],"version-history":[{"count":1,"href":"https:\/\/archive.sana.sy\/tr\/index.php?rest_route=\/wp\/v2\/posts\/325755\/revisions"}],"predecessor-version":[{"id":325756,"href":"https:\/\/archive.sana.sy\/tr\/index.php?rest_route=\/wp\/v2\/posts\/325755\/revisions\/325756"}],"wp:featuredmedia":[{"embeddable":true,"href":"https:\/\/archive.sana.sy\/tr\/index.php?rest_route=\/wp\/v2\/media\/325757"}],"wp:attachment":[{"href":"https:\/\/archive.sana.sy\/tr\/index.php?rest_route=%2Fwp%2Fv2%2Fmedia&parent=325755"}],"wp:term":[{"taxonomy":"category","embeddable":true,"href":"https:\/\/archive.sana.sy\/tr\/index.php?rest_route=%2Fwp%2Fv2%2Fcategories&post=325755"},{"taxonomy":"post_tag","embeddable":true,"href":"https:\/\/archive.sana.sy\/tr\/index.php?rest_route=%2Fwp%2Fv2%2Ftags&post=325755"}],"curies":[{"name":"wp","href":"https:\/\/api.w.org\/{rel}","templated":true}]}}