{"id":325758,"date":"2025-07-17T12:26:23","date_gmt":"2025-07-17T09:26:23","guid":{"rendered":"https:\/\/sana.sy\/tr\/?p=325758"},"modified":"2025-07-17T12:26:23","modified_gmt":"2025-07-17T09:26:23","slug":"ab-israilin-suriyeye-yonelik-saldirilarini-durdurmaya-cagirdi","status":"publish","type":"post","link":"https:\/\/archive.sana.sy\/tr\/?p=325758","title":{"rendered":"AB, \u0130srail\u2019in Suriye\u2019ye Y\u00f6nelik Sald\u0131r\u0131lar\u0131n\u0131 Durdurmaya \u00c7a\u011f\u0131rd\u0131"},"content":{"rendered":"<p style=\"text-align: justify;\"><span style=\"color: #ff0000;\"><strong>BR\u00dcKSEL (SANA) &#8211; <\/strong><\/span>Avrupa Birli\u011fi S\u00f6zc\u00fcs\u00fc Enver El Anuni, \u0130srail\u2019i Suriye\u2019ye y\u00f6nelik sald\u0131r\u0131lar\u0131n\u0131 derhal durdurmaya ve \u00fclkenin egemenli\u011fine ile toprak b\u00fct\u00fcnl\u00fc\u011f\u00fcne sayg\u0131 g\u00f6stermeye davet etti.<\/p>\n<p style=\"text-align: justify;\">Katar Haber Ajans\u0131&#8217;n\u0131n aktard\u0131\u011f\u0131na g\u00f6re El Anuni yapt\u0131\u011f\u0131 a\u00e7\u0131klamada, \u201c\u0130srail\u2019in, \u015eam\u2019daki kritik kurumlar da dahil olmak \u00fczere Suriye topraklar\u0131na y\u00f6nelik hava sald\u0131r\u0131lar\u0131n\u0131 derhal durdurmas\u0131n\u0131 \u0131srarla talep ediyoruz. zira bu sald\u0131r\u0131lar sivillerin hayat\u0131n\u0131 tehlikeye atmakta ve Suriye\u2019deki ge\u00e7i\u015f s\u00fcrecini tehdit edebilmektedir\u201d ifadelerini kulland\u0131.<\/p>\n<p style=\"text-align: justify;\">El Anuni s\u00f6zlerine \u015fu \u015fekilde devam etti: \u201c\u0130srail\u2019i ve di\u011fer t\u00fcm yabanc\u0131 akt\u00f6rleri, Suriye\u2019nin egemenli\u011fine ve toprak b\u00fct\u00fcnl\u00fc\u011f\u00fcne sayg\u0131y\u0131 temin etmeye \u00e7a\u011f\u0131r\u0131yoruz. Suriye&#8217;nin ba\u011f\u0131ms\u0131zl\u0131\u011f\u0131na, egemenli\u011fine, birli\u011fine ve toprak b\u00fct\u00fcnl\u00fc\u011f\u00fcne y\u00f6nelik her t\u00fcrl\u00fc ihlali k\u0131n\u0131yoruz.&#8221;<\/p>\n<p style=\"text-align: justify;\">Avrupa Birli\u011fi S\u00f6zc\u00fcs\u00fc El Anuni Ayr\u0131ca, &#8220;Suriye ge\u00e7i\u015f y\u00f6netimine, \u00fclkenin g\u00fcneyindeki S\u00fcveyda&#8217;daki t\u0131rman\u0131\u015f\u0131 kontrol alt\u0131na almalar\u0131 \u00e7a\u011fr\u0131s\u0131nda bulunuyoruz&#8221; dedi.<\/p>\n","protected":false},"excerpt":{"rendered":"<p>BR\u00dcKSEL (SANA) &#8211; Avrupa Birli\u011fi S\u00f6zc\u00fcs\u00fc Enver El Anuni, \u0130srail\u2019i Suriye\u2019ye y\u00f6nelik sald\u0131r\u0131lar\u0131n\u0131 derhal durdurmaya ve \u00fclkenin egemenli\u011fine ile toprak b\u00fct\u00fcnl\u00fc\u011f\u00fcne sayg\u0131 g\u00f6stermeye davet etti. Katar Haber Ajans\u0131&#8217;n\u0131n aktard\u0131\u011f\u0131na g\u00f6re El Anuni yapt\u0131\u011f\u0131 a\u00e7\u0131klamada, \u201c\u0130srail\u2019in, \u015eam\u2019daki kritik kurumlar da dahil olmak \u00fczere Suriye topraklar\u0131na y\u00f6nelik hava sald\u0131r\u0131lar\u0131n\u0131 derhal durdurmas\u0131n\u0131 \u0131srarla talep ediyoruz. zira bu sald\u0131r\u0131lar &hellip;<\/p>\n","protected":false},"author":39,"featured_media":325759,"comment_status":"closed","ping_status":"closed","sticky":false,"template":"","format":"standard","meta":{"footnotes":""},"categories":[458,589,459,17988],"tags":[],"class_list":["post-325758","post","type-post","status-publish","format-standard","has-post-thumbnail","","category-dunya1","category-haber-seridi","category-haberler-arap-uluslararasi-politika","category-son-haberler"],"_links":{"self":[{"href":"https:\/\/archive.sana.sy\/tr\/index.php?rest_route=\/wp\/v2\/posts\/325758","targetHints":{"allow":["GET"]}}],"collection":[{"href":"https:\/\/archive.sana.sy\/tr\/index.php?rest_route=\/wp\/v2\/posts"}],"about":[{"href":"https:\/\/archive.sana.sy\/tr\/index.php?rest_route=\/wp\/v2\/types\/post"}],"author":[{"embeddable":true,"href":"https:\/\/archive.sana.sy\/tr\/index.php?rest_route=\/wp\/v2\/users\/39"}],"replies":[{"embeddable":true,"href":"https:\/\/archive.sana.sy\/tr\/index.php?rest_route=%2Fwp%2Fv2%2Fcomments&post=325758"}],"version-history":[{"count":1,"href":"https:\/\/archive.sana.sy\/tr\/index.php?rest_route=\/wp\/v2\/posts\/325758\/revisions"}],"predecessor-version":[{"id":325760,"href":"https:\/\/archive.sana.sy\/tr\/index.php?rest_route=\/wp\/v2\/posts\/325758\/revisions\/325760"}],"wp:featuredmedia":[{"embeddable":true,"href":"https:\/\/archive.sana.sy\/tr\/index.php?rest_route=\/wp\/v2\/media\/325759"}],"wp:attachment":[{"href":"https:\/\/archive.sana.sy\/tr\/index.php?rest_route=%2Fwp%2Fv2%2Fmedia&parent=325758"}],"wp:term":[{"taxonomy":"category","embeddable":true,"href":"https:\/\/archive.sana.sy\/tr\/index.php?rest_route=%2Fwp%2Fv2%2Fcategories&post=325758"},{"taxonomy":"post_tag","embeddable":true,"href":"https:\/\/archive.sana.sy\/tr\/index.php?rest_route=%2Fwp%2Fv2%2Ftags&post=325758"}],"curies":[{"name":"wp","href":"https:\/\/api.w.org\/{rel}","templated":true}]}}