{"id":325761,"date":"2025-07-17T12:45:03","date_gmt":"2025-07-17T09:45:03","guid":{"rendered":"https:\/\/sana.sy\/tr\/?p=325761"},"modified":"2025-07-17T12:45:03","modified_gmt":"2025-07-17T09:45:03","slug":"umman-sultanligi-israilin-suriyeye-yonelik-saldirilarini-kinadi","status":"publish","type":"post","link":"https:\/\/archive.sana.sy\/tr\/?p=325761","title":{"rendered":"Umman Sultanl\u0131\u011f\u0131, \u0130srail\u2019in Suriye\u2019ye Y\u00f6nelik Sald\u0131r\u0131lar\u0131n\u0131 K\u0131nad\u0131"},"content":{"rendered":"<p style=\"text-align: justify;\"><strong><span style=\"color: #ff0000;\">MASKAT (SANA) &#8211;<\/span> <\/strong>Umman Sultanl\u0131\u011f\u0131, \u0130srail\u2019in Suriye\u2019ye y\u00f6nelik ger\u00e7ekle\u015ftirdi\u011fi sald\u0131r\u0131lar\u0131 \u015fiddetle k\u0131nayarak, uluslararas\u0131 toplumu \u0130srail\u2019in i\u015fgal etti\u011fi Suriye topraklar\u0131ndan tamamen \u00e7ekilmesini sa\u011flamak i\u00e7in sorumluluk \u00fcstlenmeye \u00e7a\u011f\u0131rd\u0131.<\/p>\n<p style=\"text-align: justify;\">Umman Haber Ajans\u0131\u2019n\u0131n aktard\u0131\u011f\u0131 D\u0131\u015fi\u015fleri Bakanl\u0131\u011f\u0131 taraf\u0131ndan yap\u0131lan a\u00e7\u0131klamada, Umman Sultanl\u0131\u011f\u0131&#8217;n\u0131n \u0130srail&#8217;in Suriye Arap Cumhuriyeti&#8217;ne ve ulusal egemenli\u011fine y\u00f6nelik sald\u0131r\u0131lar\u0131n\u0131 ve uluslararas\u0131 hukuku a\u00e7\u0131k\u00e7a ihlal etmesini g\u00fc\u00e7l\u00fc bir \u015fekilde k\u0131nad\u0131\u011f\u0131n\u0131 bildirdi.<\/p>\n<p style=\"text-align: justify;\">D\u0131\u015fi\u015fleri Bakanl\u0131\u011f\u0131 ayr\u0131ca, uluslararas\u0131 topluma, \u00f6zellikle G\u00fcvenlik Konseyi&#8217;ne, \u0130srail&#8217;in i\u015fgal alt\u0131ndaki Suriye topraklar\u0131ndan tamamen \u00e7ekilmesini ve sivillerin hayat\u0131n\u0131 etkileyen t\u00fcm d\u00fc\u015fmanl\u0131klar\u0131n sona erdirilmesini sa\u011flamak i\u00e7in yasal ve ahlaki sorumluluklar\u0131n\u0131 \u00fcstlenmesi y\u00f6n\u00fcndeki g\u00fc\u00e7l\u00fc \u00e7a\u011fr\u0131s\u0131n\u0131 yineledi.<\/p>\n<p style=\"text-align: justify;\">Bakanl\u0131k ayr\u0131ca, Umman Sultanl\u0131\u011f\u0131\u2019n\u0131n Suriye\u2019nin egemenli\u011fine ve toprak b\u00fct\u00fcnl\u00fc\u011f\u00fcne y\u00f6nelik tam deste\u011fini teyit ederken, Suriye halk\u0131yla dayan\u0131\u015fma i\u00e7inde oldu\u011funu vurgulayarak, uluslararas\u0131 toplumun sivillerin korunmas\u0131 ve ac\u0131lar\u0131n\u0131n hafifletilmesi i\u00e7in gerekli insani yard\u0131mlar\u0131n sa\u011flanmas\u0131 y\u00f6n\u00fcnde \u00e7abalar\u0131n\u0131 art\u0131rmaya davet etti.<\/p>\n","protected":false},"excerpt":{"rendered":"<p>MASKAT (SANA) &#8211; Umman Sultanl\u0131\u011f\u0131, \u0130srail\u2019in Suriye\u2019ye y\u00f6nelik ger\u00e7ekle\u015ftirdi\u011fi sald\u0131r\u0131lar\u0131 \u015fiddetle k\u0131nayarak, uluslararas\u0131 toplumu \u0130srail\u2019in i\u015fgal etti\u011fi Suriye topraklar\u0131ndan tamamen \u00e7ekilmesini sa\u011flamak i\u00e7in sorumluluk \u00fcstlenmeye \u00e7a\u011f\u0131rd\u0131. Umman Haber Ajans\u0131\u2019n\u0131n aktard\u0131\u011f\u0131 D\u0131\u015fi\u015fleri Bakanl\u0131\u011f\u0131 taraf\u0131ndan yap\u0131lan a\u00e7\u0131klamada, Umman Sultanl\u0131\u011f\u0131&#8217;n\u0131n \u0130srail&#8217;in Suriye Arap Cumhuriyeti&#8217;ne ve ulusal egemenli\u011fine y\u00f6nelik sald\u0131r\u0131lar\u0131n\u0131 ve uluslararas\u0131 hukuku a\u00e7\u0131k\u00e7a ihlal etmesini g\u00fc\u00e7l\u00fc bir \u015fekilde &hellip;<\/p>\n","protected":false},"author":39,"featured_media":325762,"comment_status":"closed","ping_status":"closed","sticky":false,"template":"","format":"standard","meta":{"footnotes":""},"categories":[458,589,459,17988],"tags":[],"class_list":["post-325761","post","type-post","status-publish","format-standard","has-post-thumbnail","","category-dunya1","category-haber-seridi","category-haberler-arap-uluslararasi-politika","category-son-haberler"],"_links":{"self":[{"href":"https:\/\/archive.sana.sy\/tr\/index.php?rest_route=\/wp\/v2\/posts\/325761","targetHints":{"allow":["GET"]}}],"collection":[{"href":"https:\/\/archive.sana.sy\/tr\/index.php?rest_route=\/wp\/v2\/posts"}],"about":[{"href":"https:\/\/archive.sana.sy\/tr\/index.php?rest_route=\/wp\/v2\/types\/post"}],"author":[{"embeddable":true,"href":"https:\/\/archive.sana.sy\/tr\/index.php?rest_route=\/wp\/v2\/users\/39"}],"replies":[{"embeddable":true,"href":"https:\/\/archive.sana.sy\/tr\/index.php?rest_route=%2Fwp%2Fv2%2Fcomments&post=325761"}],"version-history":[{"count":1,"href":"https:\/\/archive.sana.sy\/tr\/index.php?rest_route=\/wp\/v2\/posts\/325761\/revisions"}],"predecessor-version":[{"id":325763,"href":"https:\/\/archive.sana.sy\/tr\/index.php?rest_route=\/wp\/v2\/posts\/325761\/revisions\/325763"}],"wp:featuredmedia":[{"embeddable":true,"href":"https:\/\/archive.sana.sy\/tr\/index.php?rest_route=\/wp\/v2\/media\/325762"}],"wp:attachment":[{"href":"https:\/\/archive.sana.sy\/tr\/index.php?rest_route=%2Fwp%2Fv2%2Fmedia&parent=325761"}],"wp:term":[{"taxonomy":"category","embeddable":true,"href":"https:\/\/archive.sana.sy\/tr\/index.php?rest_route=%2Fwp%2Fv2%2Fcategories&post=325761"},{"taxonomy":"post_tag","embeddable":true,"href":"https:\/\/archive.sana.sy\/tr\/index.php?rest_route=%2Fwp%2Fv2%2Ftags&post=325761"}],"curies":[{"name":"wp","href":"https:\/\/api.w.org\/{rel}","templated":true}]}}