{"id":325764,"date":"2025-07-17T13:51:09","date_gmt":"2025-07-17T10:51:09","guid":{"rendered":"https:\/\/sana.sy\/tr\/?p=325764"},"modified":"2025-07-17T19:02:08","modified_gmt":"2025-07-17T16:02:08","slug":"turkiye-buyuk-millet-meclisi-suriye-ile-tam-dayanismayi-vurguladi-ve-israil-saldirilarini-kinadi","status":"publish","type":"post","link":"https:\/\/archive.sana.sy\/tr\/?p=325764","title":{"rendered":"T\u00fcrkiye B\u00fcy\u00fck Millet Meclisi, Suriye ile Tam Dayan\u0131\u015fmay\u0131 Vurgulad\u0131 ve \u0130srail Sald\u0131r\u0131lar\u0131n\u0131 K\u0131nad\u0131"},"content":{"rendered":"<p style=\"text-align: justify;\"><span style=\"color: #ff0000;\"><strong>ANKARA (SANA) &#8211; <\/strong><\/span>T\u00fcrkiye B\u00fcy\u00fck Millet Meclisi, \u0130srail\u2019in Suriye\u2019ye y\u00f6nelik sald\u0131r\u0131lar\u0131n\u0131 sert bir \u015fekilde k\u0131nayarak, Suriye halk\u0131n\u0131n yan\u0131nda durma kararl\u0131l\u0131\u011f\u0131n\u0131 bir kez daha vurgulad\u0131 ve g\u00fcvenli\u011fini tehdit eden her t\u00fcrl\u00fc giri\u015fimi reddetti.<\/p>\n<p style=\"text-align: justify;\">Anadolu Ajans\u0131&#8217;n\u0131n haberine g\u00f6re, TBMM Ba\u015fkan\u0131 Numan Kurtulmu\u015f, \u015funlar\u0131 kaydetti: \u201cBa\u015fta ba\u015fkent \u015eam olmak \u00fczere \u0130srail\u2019in Suriye\u2019ye y\u00f6nelik al\u00e7ak sald\u0131r\u0131lar\u0131n\u0131 en g\u00fc\u00e7l\u00fc \u015fekilde k\u0131n\u0131yoruz. Suriye\u2019nin toprak b\u00fct\u00fcnl\u00fc\u011f\u00fcne ve egemenli\u011fine deste\u011fimizi yineliyoruz. uzun y\u0131llard\u0131r b\u00fcy\u00fck ac\u0131lar \u00e7eken dost ve karde\u015f Suriye halk\u0131yla dayan\u0131\u015fmam\u0131z\u0131 bir kez daha teyit ediyoruz. g\u00fcvenli\u011fini tehdit eden her t\u00fcrl\u00fc giri\u015fime kar\u015f\u0131 oldu\u011fumuzu belirtiyoruz.\u201d<\/p>\n<p style=\"text-align: justify;\">Bildiride ayr\u0131ca, Suriye\u2019de bar\u0131\u015f ve istikrar\u0131n sa\u011flanmas\u0131n\u0131n b\u00f6lgesel bar\u0131\u015f ve istikrara da katk\u0131da bulunaca\u011f\u0131 vurgulanarak, geli\u015fmelerin aksi y\u00f6nde seyretmesinin yaln\u0131zca \u201cvarl\u0131\u011f\u0131n\u0131 kan d\u00f6kme ve \u00e7at\u0131\u015fma \u00fczerine in\u015fa etmi\u015f olan\u201d \u0130srail Ba\u015fbakan\u0131 Binyamin Netanyahu ve ekiplerine hizmet edece\u011fi ifade edildi.<\/p>\n<p style=\"text-align: justify;\">\u0130srail\u2019in, Suriye\u2019nin toprak b\u00fct\u00fcnl\u00fc\u011f\u00fcn\u00fc ihlal ederek BM \u015eart\u0131\u2019n\u0131 ve uluslararas\u0131 hukukun kural ve ilkelerini \u00e7i\u011fnemesinin, Filistin halk\u0131na kar\u015f\u0131 i\u015fledi\u011fi soyk\u0131r\u0131m su\u00e7lar\u0131n\u0131 \u00f6rtbas etme amac\u0131n\u0131 ta\u015f\u0131d\u0131\u011f\u0131na dikkat \u00e7ekilen bildiride, uluslararas\u0131 topluma bir kez daha seslenilerek, derinle\u015fen b\u00f6lgesel krizi a\u011f\u0131rla\u015ft\u0131ran ve k\u00fcresel bar\u0131\u015f\u0131 tehdit eden \u0130srail sald\u0131rganl\u0131\u011f\u0131na kar\u015f\u0131 etkili ve kararl\u0131 ad\u0131mlar at\u0131lmas\u0131 \u00e7a\u011fr\u0131s\u0131 yap\u0131ld\u0131.<\/p>\n<p style=\"text-align: justify;\">Bildiride ayr\u0131ca, uluslararas\u0131 toplumun sessizli\u011finin ve hareketsizli\u011finin \u201canla\u015f\u0131l\u0131r olmad\u0131\u011f\u0131\u201d ve bunun \u201c\u0130srail\u2019i, hukuksuz ve pervas\u0131z sald\u0131r\u0131lar\u0131n\u0131 s\u00fcrd\u00fcrme konusunda cesaretlendirdi\u011fi\u201d belirtilerek, bu durumun kabul edilemez oldu\u011fu ifade edildi.<\/p>\n","protected":false},"excerpt":{"rendered":"<p>ANKARA (SANA) &#8211; T\u00fcrkiye B\u00fcy\u00fck Millet Meclisi, \u0130srail\u2019in Suriye\u2019ye y\u00f6nelik sald\u0131r\u0131lar\u0131n\u0131 sert bir \u015fekilde k\u0131nayarak, Suriye halk\u0131n\u0131n yan\u0131nda durma kararl\u0131l\u0131\u011f\u0131n\u0131 bir kez daha vurgulad\u0131 ve g\u00fcvenli\u011fini tehdit eden her t\u00fcrl\u00fc giri\u015fimi reddetti. Anadolu Ajans\u0131&#8217;n\u0131n haberine g\u00f6re, TBMM Ba\u015fkan\u0131 Numan Kurtulmu\u015f, \u015funlar\u0131 kaydetti: \u201cBa\u015fta ba\u015fkent \u015eam olmak \u00fczere \u0130srail\u2019in Suriye\u2019ye y\u00f6nelik al\u00e7ak sald\u0131r\u0131lar\u0131n\u0131 en g\u00fc\u00e7l\u00fc \u015fekilde &hellip;<\/p>\n","protected":false},"author":39,"featured_media":325765,"comment_status":"closed","ping_status":"closed","sticky":false,"template":"","format":"standard","meta":{"footnotes":""},"categories":[458,589,459,17988,2554,2555],"tags":[],"class_list":["post-325764","post","type-post","status-publish","format-standard","has-post-thumbnail","","category-dunya1","category-haber-seridi","category-haberler-arap-uluslararasi-politika","category-son-haberler","category-suriye-ve-dunya","category-suriye-ve-turkiye"],"_links":{"self":[{"href":"https:\/\/archive.sana.sy\/tr\/index.php?rest_route=\/wp\/v2\/posts\/325764","targetHints":{"allow":["GET"]}}],"collection":[{"href":"https:\/\/archive.sana.sy\/tr\/index.php?rest_route=\/wp\/v2\/posts"}],"about":[{"href":"https:\/\/archive.sana.sy\/tr\/index.php?rest_route=\/wp\/v2\/types\/post"}],"author":[{"embeddable":true,"href":"https:\/\/archive.sana.sy\/tr\/index.php?rest_route=\/wp\/v2\/users\/39"}],"replies":[{"embeddable":true,"href":"https:\/\/archive.sana.sy\/tr\/index.php?rest_route=%2Fwp%2Fv2%2Fcomments&post=325764"}],"version-history":[{"count":1,"href":"https:\/\/archive.sana.sy\/tr\/index.php?rest_route=\/wp\/v2\/posts\/325764\/revisions"}],"predecessor-version":[{"id":325766,"href":"https:\/\/archive.sana.sy\/tr\/index.php?rest_route=\/wp\/v2\/posts\/325764\/revisions\/325766"}],"wp:featuredmedia":[{"embeddable":true,"href":"https:\/\/archive.sana.sy\/tr\/index.php?rest_route=\/wp\/v2\/media\/325765"}],"wp:attachment":[{"href":"https:\/\/archive.sana.sy\/tr\/index.php?rest_route=%2Fwp%2Fv2%2Fmedia&parent=325764"}],"wp:term":[{"taxonomy":"category","embeddable":true,"href":"https:\/\/archive.sana.sy\/tr\/index.php?rest_route=%2Fwp%2Fv2%2Fcategories&post=325764"},{"taxonomy":"post_tag","embeddable":true,"href":"https:\/\/archive.sana.sy\/tr\/index.php?rest_route=%2Fwp%2Fv2%2Ftags&post=325764"}],"curies":[{"name":"wp","href":"https:\/\/api.w.org\/{rel}","templated":true}]}}