{"id":325767,"date":"2025-07-17T13:58:28","date_gmt":"2025-07-17T10:58:28","guid":{"rendered":"https:\/\/sana.sy\/tr\/?p=325767"},"modified":"2025-07-17T19:00:53","modified_gmt":"2025-07-17T16:00:53","slug":"islam-isbirligi-teskilati-israilin-suriyeye-yonelik-saldirilarina-son-verilmesini-talep-etti","status":"publish","type":"post","link":"https:\/\/archive.sana.sy\/tr\/?p=325767","title":{"rendered":"\u0130slam \u0130\u015fbirli\u011fi Te\u015fkilat\u0131, \u0130srail&#8217;in Suriye&#8217;ye Y\u00f6nelik Sald\u0131r\u0131lar\u0131na Son Verilmesini Talep Etti"},"content":{"rendered":"<p style=\"text-align: justify;\"><strong><span style=\"color: #ff0000;\">CIDDE (SANA)<\/span> &#8211; <\/strong>\u0130slam \u0130\u015fbirli\u011fi Te\u015fkilat\u0131, \u0130srail\u2019in Suriye topraklar\u0131na y\u00f6nelik tekrarlanan sald\u0131r\u0131lar\u0131n\u0131 ve Suriye\u2019nin i\u00e7i\u015flerine a\u00e7\u0131k m\u00fcdahalesini, uluslararas\u0131 hukuku ve uluslararas\u0131 me\u015fruiyet kararlar\u0131n\u0131 a\u00e7\u0131k\u00e7a ihlal eden, Suriye\u2019nin egemenli\u011fi ile toprak b\u00fct\u00fcnl\u00fc\u011f\u00fcn\u00fc hedef alan eylemler olarak en sert ifadelerle k\u0131nad\u0131.<\/p>\n<p style=\"text-align: justify;\">Te\u015fkilat\u0131n internet sitesinde yay\u0131mlanan a\u00e7\u0131klamada, \u0130\u0130T Genel Sekreterli\u011fi, \u201cBu hassas d\u00f6nemde Suriye Arap Cumhuriyeti ve halk\u0131yla tam dayan\u0131\u015fma i\u00e7inde oldu\u011funu ve yan\u0131nda yer ald\u0131\u011f\u0131n\u0131\u201d bir kez daha teyit ederek, \u201cSuriye\u2019nin egemenli\u011fine, birli\u011fine, ba\u011f\u0131ms\u0131zl\u0131\u011f\u0131na ve toprak b\u00fct\u00fcnl\u00fc\u011f\u00fcne sayg\u0131 g\u00f6sterilmesi gerekti\u011fini\u201d vurgulad\u0131.<\/p>\n<p style=\"text-align: justify;\">A\u00e7\u0131klamada ayr\u0131ca, uluslararas\u0131 toplum, \u00f6zellikle de Birle\u015fmi\u015f Milletler G\u00fcvenlik Konseyi, b\u00f6lgesel bar\u0131\u015f ve g\u00fcvenli\u011fi tehdit eden \u0130srail\u2019in tekrar eden sald\u0131r\u0131lar\u0131na son verilmesi i\u00e7in harekete ge\u00e7meye davet edildi.<\/p>\n","protected":false},"excerpt":{"rendered":"<p>CIDDE (SANA) &#8211; \u0130slam \u0130\u015fbirli\u011fi Te\u015fkilat\u0131, \u0130srail\u2019in Suriye topraklar\u0131na y\u00f6nelik tekrarlanan sald\u0131r\u0131lar\u0131n\u0131 ve Suriye\u2019nin i\u00e7i\u015flerine a\u00e7\u0131k m\u00fcdahalesini, uluslararas\u0131 hukuku ve uluslararas\u0131 me\u015fruiyet kararlar\u0131n\u0131 a\u00e7\u0131k\u00e7a ihlal eden, Suriye\u2019nin egemenli\u011fi ile toprak b\u00fct\u00fcnl\u00fc\u011f\u00fcn\u00fc hedef alan eylemler olarak en sert ifadelerle k\u0131nad\u0131. Te\u015fkilat\u0131n internet sitesinde yay\u0131mlanan a\u00e7\u0131klamada, \u0130\u0130T Genel Sekreterli\u011fi, \u201cBu hassas d\u00f6nemde Suriye Arap Cumhuriyeti ve halk\u0131yla &hellip;<\/p>\n","protected":false},"author":39,"featured_media":325768,"comment_status":"closed","ping_status":"closed","sticky":false,"template":"","format":"standard","meta":{"footnotes":""},"categories":[458,589,459,17988],"tags":[],"class_list":["post-325767","post","type-post","status-publish","format-standard","has-post-thumbnail","","category-dunya1","category-haber-seridi","category-haberler-arap-uluslararasi-politika","category-son-haberler"],"_links":{"self":[{"href":"https:\/\/archive.sana.sy\/tr\/index.php?rest_route=\/wp\/v2\/posts\/325767","targetHints":{"allow":["GET"]}}],"collection":[{"href":"https:\/\/archive.sana.sy\/tr\/index.php?rest_route=\/wp\/v2\/posts"}],"about":[{"href":"https:\/\/archive.sana.sy\/tr\/index.php?rest_route=\/wp\/v2\/types\/post"}],"author":[{"embeddable":true,"href":"https:\/\/archive.sana.sy\/tr\/index.php?rest_route=\/wp\/v2\/users\/39"}],"replies":[{"embeddable":true,"href":"https:\/\/archive.sana.sy\/tr\/index.php?rest_route=%2Fwp%2Fv2%2Fcomments&post=325767"}],"version-history":[{"count":2,"href":"https:\/\/archive.sana.sy\/tr\/index.php?rest_route=\/wp\/v2\/posts\/325767\/revisions"}],"predecessor-version":[{"id":325808,"href":"https:\/\/archive.sana.sy\/tr\/index.php?rest_route=\/wp\/v2\/posts\/325767\/revisions\/325808"}],"wp:featuredmedia":[{"embeddable":true,"href":"https:\/\/archive.sana.sy\/tr\/index.php?rest_route=\/wp\/v2\/media\/325768"}],"wp:attachment":[{"href":"https:\/\/archive.sana.sy\/tr\/index.php?rest_route=%2Fwp%2Fv2%2Fmedia&parent=325767"}],"wp:term":[{"taxonomy":"category","embeddable":true,"href":"https:\/\/archive.sana.sy\/tr\/index.php?rest_route=%2Fwp%2Fv2%2Fcategories&post=325767"},{"taxonomy":"post_tag","embeddable":true,"href":"https:\/\/archive.sana.sy\/tr\/index.php?rest_route=%2Fwp%2Fv2%2Ftags&post=325767"}],"curies":[{"name":"wp","href":"https:\/\/api.w.org\/{rel}","templated":true}]}}