{"id":325770,"date":"2025-07-17T14:18:10","date_gmt":"2025-07-17T11:18:10","guid":{"rendered":"https:\/\/sana.sy\/tr\/?p=325770"},"modified":"2025-07-17T18:59:50","modified_gmt":"2025-07-17T15:59:50","slug":"turkiye-savunma-bakanligi-israil-bolgeyi-istikrarsizlik-ve-kaosa-surukluyor","status":"publish","type":"post","link":"https:\/\/archive.sana.sy\/tr\/?p=325770","title":{"rendered":"T\u00fcrkiye Savunma Bakanl\u0131\u011f\u0131: \u0130srail B\u00f6lgeyi \u0130stikrars\u0131zl\u0131k Ve Kaosa S\u00fcr\u00fckl\u00fcyor"},"content":{"rendered":"<p style=\"text-align: justify;\"><strong><span style=\"color: #800000;\">ANKARA (SANA)<\/span> &#8211; <\/strong>T\u00fcrkiye Milli Savunma Bakanl\u0131\u011f\u0131, \u0130srail\u2019in son d\u00f6nemde Suriye\u2019ye y\u00f6nelik ger\u00e7ekle\u015ftirdi\u011fi sald\u0131r\u0131lar\u0131n, b\u00f6lgedeki bar\u0131\u015f ve istikrar\u0131 sarsmay\u0131 hedefledi\u011fini vurgulad\u0131.<\/p>\n<p style=\"text-align: justify;\">Anadolu Ajans\u0131\u2019n\u0131n haberine g\u00f6re, Bakanl\u0131k S\u00f6zc\u00fcs\u00fc Tu\u011famiral Zeki Akt\u00fcrk, d\u00fczenlenen bas\u0131n toplant\u0131s\u0131nda yapt\u0131\u011f\u0131 a\u00e7\u0131klamada, \u0130srail\u2019in, G\u00fcney Suriye\u2019ye y\u00f6nelik sald\u0131r\u0131lar\u0131n\u0131n ard\u0131ndan \u015eam\u2019a d\u00fczenledi\u011fi hava sald\u0131r\u0131lar\u0131n\u0131n, b\u00f6lgedeki bar\u0131\u015f ve istikrar umutlar\u0131n\u0131 hedef alan a\u00e7\u0131k bir provokasyon niteli\u011fi ta\u015f\u0131d\u0131\u011f\u0131n\u0131 belirtti.<\/p>\n<p style=\"text-align: justify;\">Akt\u00fcrk ayr\u0131ca, \u0130srail&#8217;in b\u00f6lgeyi istikrars\u0131zl\u0131k ve kaosa s\u00fcr\u00fckledi\u011fini a\u00e7\u0131klayarak, \u0130srail\u2019in b\u00f6lgede telafisi m\u00fcmk\u00fcn olmayan sonu\u00e7lar do\u011furabilecek sald\u0131rgan giri\u015fimlerini derhal durdurmas\u0131 gerekti\u011fini ifade etti.<\/p>\n","protected":false},"excerpt":{"rendered":"<p>ANKARA (SANA) &#8211; T\u00fcrkiye Milli Savunma Bakanl\u0131\u011f\u0131, \u0130srail\u2019in son d\u00f6nemde Suriye\u2019ye y\u00f6nelik ger\u00e7ekle\u015ftirdi\u011fi sald\u0131r\u0131lar\u0131n, b\u00f6lgedeki bar\u0131\u015f ve istikrar\u0131 sarsmay\u0131 hedefledi\u011fini vurgulad\u0131. Anadolu Ajans\u0131\u2019n\u0131n haberine g\u00f6re, Bakanl\u0131k S\u00f6zc\u00fcs\u00fc Tu\u011famiral Zeki Akt\u00fcrk, d\u00fczenlenen bas\u0131n toplant\u0131s\u0131nda yapt\u0131\u011f\u0131 a\u00e7\u0131klamada, \u0130srail\u2019in, G\u00fcney Suriye\u2019ye y\u00f6nelik sald\u0131r\u0131lar\u0131n\u0131n ard\u0131ndan \u015eam\u2019a d\u00fczenledi\u011fi hava sald\u0131r\u0131lar\u0131n\u0131n, b\u00f6lgedeki bar\u0131\u015f ve istikrar umutlar\u0131n\u0131 hedef alan a\u00e7\u0131k bir provokasyon &hellip;<\/p>\n","protected":false},"author":39,"featured_media":325771,"comment_status":"closed","ping_status":"closed","sticky":false,"template":"","format":"standard","meta":{"footnotes":""},"categories":[458,589,459,17988,2554,2555,478],"tags":[],"class_list":["post-325770","post","type-post","status-publish","format-standard","has-post-thumbnail","","category-dunya1","category-haber-seridi","category-haberler-arap-uluslararasi-politika","category-son-haberler","category-suriye-ve-dunya","category-suriye-ve-turkiye","category-yerel"],"_links":{"self":[{"href":"https:\/\/archive.sana.sy\/tr\/index.php?rest_route=\/wp\/v2\/posts\/325770","targetHints":{"allow":["GET"]}}],"collection":[{"href":"https:\/\/archive.sana.sy\/tr\/index.php?rest_route=\/wp\/v2\/posts"}],"about":[{"href":"https:\/\/archive.sana.sy\/tr\/index.php?rest_route=\/wp\/v2\/types\/post"}],"author":[{"embeddable":true,"href":"https:\/\/archive.sana.sy\/tr\/index.php?rest_route=\/wp\/v2\/users\/39"}],"replies":[{"embeddable":true,"href":"https:\/\/archive.sana.sy\/tr\/index.php?rest_route=%2Fwp%2Fv2%2Fcomments&post=325770"}],"version-history":[{"count":2,"href":"https:\/\/archive.sana.sy\/tr\/index.php?rest_route=\/wp\/v2\/posts\/325770\/revisions"}],"predecessor-version":[{"id":325807,"href":"https:\/\/archive.sana.sy\/tr\/index.php?rest_route=\/wp\/v2\/posts\/325770\/revisions\/325807"}],"wp:featuredmedia":[{"embeddable":true,"href":"https:\/\/archive.sana.sy\/tr\/index.php?rest_route=\/wp\/v2\/media\/325771"}],"wp:attachment":[{"href":"https:\/\/archive.sana.sy\/tr\/index.php?rest_route=%2Fwp%2Fv2%2Fmedia&parent=325770"}],"wp:term":[{"taxonomy":"category","embeddable":true,"href":"https:\/\/archive.sana.sy\/tr\/index.php?rest_route=%2Fwp%2Fv2%2Fcategories&post=325770"},{"taxonomy":"post_tag","embeddable":true,"href":"https:\/\/archive.sana.sy\/tr\/index.php?rest_route=%2Fwp%2Fv2%2Ftags&post=325770"}],"curies":[{"name":"wp","href":"https:\/\/api.w.org\/{rel}","templated":true}]}}