{"id":325774,"date":"2025-07-17T15:14:28","date_gmt":"2025-07-17T12:14:28","guid":{"rendered":"https:\/\/sana.sy\/tr\/?p=325774"},"modified":"2025-07-17T15:14:28","modified_gmt":"2025-07-17T12:14:28","slug":"cin-disisleri-bakanligi-suriyenin-egemenligine-ve-toprak-butunlugune-saygi-gosterilmelidir","status":"publish","type":"post","link":"https:\/\/archive.sana.sy\/tr\/?p=325774","title":{"rendered":"\u00c7in D\u0131\u015fi\u015fleri Bakanl\u0131\u011f\u0131: Suriye&#8217;nin Egemenli\u011fine Ve Toprak B\u00fct\u00fcnl\u00fc\u011f\u00fcne Sayg\u0131 G\u00f6sterilmelidir"},"content":{"rendered":"<p style=\"text-align: justify;\"><span style=\"color: #800000;\"><strong>BEK\u0130N (SANA) &#8211;<\/strong> <\/span>\u00c7in, \u0130srail&#8217;in Suriye&#8217;ye y\u00f6nelik hava sald\u0131r\u0131lar\u0131na ili\u015fkin yorumda bulunarak, Suriye&#8217;nin egemenli\u011fine ve toprak b\u00fct\u00fcnl\u00fc\u011f\u00fcne sayg\u0131 g\u00f6sterilmesi gerekti\u011fini vurgulad\u0131.<\/p>\n<p style=\"text-align: justify;\">China Daily, \u00c7in D\u0131\u015fi\u015fleri Bakanl\u0131\u011f\u0131 s\u00f6zc\u00fcs\u00fc Lin Jian&#8217;\u0131n bug\u00fcn \u015funlar\u0131 s\u00f6yledi\u011fini aktard\u0131: &#8220;Orta Do\u011fu&#8217;da devam eden huzursuzluk ortam\u0131nda, t\u0131rman\u0131\u015fa yol a\u00e7abilecek her t\u00fcrl\u00fc eylemden ka\u00e7\u0131n\u0131lmal\u0131d\u0131r.&#8221;<\/p>\n<p style=\"text-align: justify;\">S\u00f6zc\u00fc ayr\u0131ca, Suriye&#8217;nin egemenli\u011fine ve toprak b\u00fct\u00fcnl\u00fc\u011f\u00fcne sayg\u0131 g\u00f6sterilmesi gerekti\u011fini vurgulad\u0131.<\/p>\n","protected":false},"excerpt":{"rendered":"<p>BEK\u0130N (SANA) &#8211; \u00c7in, \u0130srail&#8217;in Suriye&#8217;ye y\u00f6nelik hava sald\u0131r\u0131lar\u0131na ili\u015fkin yorumda bulunarak, Suriye&#8217;nin egemenli\u011fine ve toprak b\u00fct\u00fcnl\u00fc\u011f\u00fcne sayg\u0131 g\u00f6sterilmesi gerekti\u011fini vurgulad\u0131. China Daily, \u00c7in D\u0131\u015fi\u015fleri Bakanl\u0131\u011f\u0131 s\u00f6zc\u00fcs\u00fc Lin Jian&#8217;\u0131n bug\u00fcn \u015funlar\u0131 s\u00f6yledi\u011fini aktard\u0131: &#8220;Orta Do\u011fu&#8217;da devam eden huzursuzluk ortam\u0131nda, t\u0131rman\u0131\u015fa yol a\u00e7abilecek her t\u00fcrl\u00fc eylemden ka\u00e7\u0131n\u0131lmal\u0131d\u0131r.&#8221; S\u00f6zc\u00fc ayr\u0131ca, Suriye&#8217;nin egemenli\u011fine ve toprak b\u00fct\u00fcnl\u00fc\u011f\u00fcne sayg\u0131 g\u00f6sterilmesi &hellip;<\/p>\n","protected":false},"author":44,"featured_media":325775,"comment_status":"closed","ping_status":"closed","sticky":false,"template":"","format":"standard","meta":{"footnotes":""},"categories":[458,589,459,17988],"tags":[44057],"class_list":["post-325774","post","type-post","status-publish","format-standard","has-post-thumbnail","","category-dunya1","category-haber-seridi","category-haberler-arap-uluslararasi-politika","category-son-haberler","tag-cin-disisleri-bakanligi-suriyenin-egemenligine-ve-toprak-butunlugune-saygi-gosterilmelidir"],"_links":{"self":[{"href":"https:\/\/archive.sana.sy\/tr\/index.php?rest_route=\/wp\/v2\/posts\/325774","targetHints":{"allow":["GET"]}}],"collection":[{"href":"https:\/\/archive.sana.sy\/tr\/index.php?rest_route=\/wp\/v2\/posts"}],"about":[{"href":"https:\/\/archive.sana.sy\/tr\/index.php?rest_route=\/wp\/v2\/types\/post"}],"author":[{"embeddable":true,"href":"https:\/\/archive.sana.sy\/tr\/index.php?rest_route=\/wp\/v2\/users\/44"}],"replies":[{"embeddable":true,"href":"https:\/\/archive.sana.sy\/tr\/index.php?rest_route=%2Fwp%2Fv2%2Fcomments&post=325774"}],"version-history":[{"count":1,"href":"https:\/\/archive.sana.sy\/tr\/index.php?rest_route=\/wp\/v2\/posts\/325774\/revisions"}],"predecessor-version":[{"id":325776,"href":"https:\/\/archive.sana.sy\/tr\/index.php?rest_route=\/wp\/v2\/posts\/325774\/revisions\/325776"}],"wp:featuredmedia":[{"embeddable":true,"href":"https:\/\/archive.sana.sy\/tr\/index.php?rest_route=\/wp\/v2\/media\/325775"}],"wp:attachment":[{"href":"https:\/\/archive.sana.sy\/tr\/index.php?rest_route=%2Fwp%2Fv2%2Fmedia&parent=325774"}],"wp:term":[{"taxonomy":"category","embeddable":true,"href":"https:\/\/archive.sana.sy\/tr\/index.php?rest_route=%2Fwp%2Fv2%2Fcategories&post=325774"},{"taxonomy":"post_tag","embeddable":true,"href":"https:\/\/archive.sana.sy\/tr\/index.php?rest_route=%2Fwp%2Fv2%2Ftags&post=325774"}],"curies":[{"name":"wp","href":"https:\/\/api.w.org\/{rel}","templated":true}]}}