{"id":325777,"date":"2025-07-17T15:40:04","date_gmt":"2025-07-17T12:40:04","guid":{"rendered":"https:\/\/sana.sy\/tr\/?p=325777"},"modified":"2025-07-17T15:40:04","modified_gmt":"2025-07-17T12:40:04","slug":"suriye-ve-isvec-iki-ulke-arasindaki-ortak-is-birligini-gorustu","status":"publish","type":"post","link":"https:\/\/archive.sana.sy\/tr\/?p=325777","title":{"rendered":"Suriye Ve \u0130sve\u00e7 \u0130ki \u00dclke Aras\u0131ndaki Ortak \u0130\u015f Birli\u011fini G\u00f6r\u00fc\u015ft\u00fc"},"content":{"rendered":"<p style=\"text-align: justify;\"><span style=\"color: #800000;\"><strong>\u015eAM (SANA) &#8211;<\/strong><\/span> Yerel Y\u00f6netimler ve \u00c7evre Bakan\u0131 Muhammed Encarani, \u0130sve\u00e7 \u015eam B\u00fcy\u00fckel\u00e7ili\u011fi Maslahatg\u00fczar\u0131 Jessica Svardstr\u00f6m ile iki \u00fclke aras\u0131nda ortak i\u015fbirli\u011fi ve uzmanl\u0131k payla\u015f\u0131m\u0131 yollar\u0131n\u0131 g\u00f6r\u00fc\u015ft\u00fc.<\/p>\n<p style=\"text-align: justify;\">D\u00fcn \u015eam&#8217;daki Bakanl\u0131k binas\u0131nda ger\u00e7ekle\u015ftirilen g\u00f6r\u00fc\u015fmede, Encarani, Suriyeli m\u00fcltecileri kabul eden ve onlara yard\u0131m sa\u011flayan ilk \u00fclkeler aras\u0131nda yer alan \u0130sve\u00e7&#8217;in tutumunu \u00f6vd\u00fc. \u0130ki \u00fclke aras\u0131nda yerel y\u00f6netim, hizmetler, \u00e7evre ve uzmanl\u0131k de\u011fi\u015fimi alanlar\u0131nda ili\u015fkilerin geli\u015ftirilmesinin \u00f6nemini vurgulad\u0131.<\/p>\n<p style=\"text-align: justify;\">Bakan Encarani ayr\u0131ca, devrik rejimin yol a\u00e7t\u0131\u011f\u0131 b\u00fcy\u00fck y\u0131k\u0131m\u0131n ard\u0131ndan yerel y\u00f6netim sisteminin yeniden in\u015fas\u0131 ve \u00e7al\u0131\u015fmalar\u0131n\u0131n \u00f6n\u00fcndeki zorluklara dikkat \u00e7ekten, Bakanl\u0131\u011f\u0131n bir sonraki a\u015fama ve gereklilikleriyle uyumlu yeni bir \u015fekilde yeniden yap\u0131land\u0131r\u0131lmas\u0131 i\u00e7in bir s\u00fcrecin y\u00fcr\u00fct\u00fcld\u00fc\u011f\u00fcn\u00fc a\u00e7\u0131klad\u0131.<\/p>\n<p style=\"text-align: justify;\">Svardstr\u00f6m ise \u0130sve\u00e7&#8217;in son y\u0131llarda Suriye halk\u0131na sa\u011flad\u0131\u011f\u0131 insani deste\u011fin alt\u0131n\u0131 \u00e7izdi. Suriye&#8217;nin erken toparlanmas\u0131 i\u00e7in \u00e7aba sarf edilmesi gerekti\u011fini vurgulayan, iki \u00fclke aras\u0131nda ticaret gibi di\u011fer sekt\u00f6rleri de kapsayacak \u015fekilde i\u015f birli\u011fi ve koordinasyonun art\u0131r\u0131lmas\u0131 \u00fcmidini dile getirdi.<\/p>\n<p style=\"text-align: justify;\">Svardstr\u00f6m ayr\u0131ca, iki \u00fclke aras\u0131ndaki ticari ba\u011flar\u0131n yeniden tesis edilmesi ve g\u00fc\u00e7lendirilmesi i\u00e7in de \u00e7aba sarf edilmesi gerekti\u011fini belirtti.<\/p>\n<div id='gallery-1' class='gallery galleryid-325777 gallery-columns-2 gallery-size-large'><figure class='gallery-item'>\n\t\t\t<div class='gallery-icon landscape'>\n\t\t\t\t<a href='https:\/\/archive.sana.sy\/tr\/?attachment_id=325779'><img loading=\"lazy\" decoding=\"async\" width=\"618\" height=\"412\" src=\"https:\/\/archive.sana.sy\/tr\/wp-content\/uploads\/2025\/07\/IMG_1010-scaled-1-1024x683.jpg\" class=\"attachment-large size-large\" alt=\"\" srcset=\"https:\/\/archive.sana.sy\/tr\/wp-content\/uploads\/2025\/07\/IMG_1010-scaled-1-1024x683.jpg 1024w, https:\/\/archive.sana.sy\/tr\/wp-content\/uploads\/2025\/07\/IMG_1010-scaled-1-300x200.jpg 300w, https:\/\/archive.sana.sy\/tr\/wp-content\/uploads\/2025\/07\/IMG_1010-scaled-1-768x512.jpg 768w, https:\/\/archive.sana.sy\/tr\/wp-content\/uploads\/2025\/07\/IMG_1010-scaled-1-1536x1024.jpg 1536w, https:\/\/archive.sana.sy\/tr\/wp-content\/uploads\/2025\/07\/IMG_1010-scaled-1-2048x1366.jpg 2048w\" sizes=\"auto, (max-width: 618px) 100vw, 618px\" \/><\/a>\n\t\t\t<\/div><\/figure><figure class='gallery-item'>\n\t\t\t<div class='gallery-icon landscape'>\n\t\t\t\t<a href='https:\/\/archive.sana.sy\/tr\/?attachment_id=325780'><img loading=\"lazy\" decoding=\"async\" width=\"618\" height=\"412\" src=\"https:\/\/archive.sana.sy\/tr\/wp-content\/uploads\/2025\/07\/IMG_1020-scaled-1-1024x683.jpg\" class=\"attachment-large size-large\" alt=\"\" srcset=\"https:\/\/archive.sana.sy\/tr\/wp-content\/uploads\/2025\/07\/IMG_1020-scaled-1-1024x683.jpg 1024w, https:\/\/archive.sana.sy\/tr\/wp-content\/uploads\/2025\/07\/IMG_1020-scaled-1-300x200.jpg 300w, https:\/\/archive.sana.sy\/tr\/wp-content\/uploads\/2025\/07\/IMG_1020-scaled-1-768x512.jpg 768w, https:\/\/archive.sana.sy\/tr\/wp-content\/uploads\/2025\/07\/IMG_1020-scaled-1-1536x1024.jpg 1536w, https:\/\/archive.sana.sy\/tr\/wp-content\/uploads\/2025\/07\/IMG_1020-scaled-1-2048x1366.jpg 2048w\" sizes=\"auto, (max-width: 618px) 100vw, 618px\" \/><\/a>\n\t\t\t<\/div><\/figure>\n\t\t<\/div>\n\n","protected":false},"excerpt":{"rendered":"<p>\u015eAM (SANA) &#8211; Yerel Y\u00f6netimler ve \u00c7evre Bakan\u0131 Muhammed Encarani, \u0130sve\u00e7 \u015eam B\u00fcy\u00fckel\u00e7ili\u011fi Maslahatg\u00fczar\u0131 Jessica Svardstr\u00f6m ile iki \u00fclke aras\u0131nda ortak i\u015fbirli\u011fi ve uzmanl\u0131k payla\u015f\u0131m\u0131 yollar\u0131n\u0131 g\u00f6r\u00fc\u015ft\u00fc. D\u00fcn \u015eam&#8217;daki Bakanl\u0131k binas\u0131nda ger\u00e7ekle\u015ftirilen g\u00f6r\u00fc\u015fmede, Encarani, Suriyeli m\u00fcltecileri kabul eden ve onlara yard\u0131m sa\u011flayan ilk \u00fclkeler aras\u0131nda yer alan \u0130sve\u00e7&#8217;in tutumunu \u00f6vd\u00fc. \u0130ki \u00fclke aras\u0131nda yerel y\u00f6netim, &hellip;<\/p>\n","protected":false},"author":44,"featured_media":325778,"comment_status":"closed","ping_status":"closed","sticky":false,"template":"","format":"standard","meta":{"footnotes":""},"categories":[589,479,17988,478],"tags":[44058],"class_list":["post-325777","post","type-post","status-publish","format-standard","has-post-thumbnail","","category-haber-seridi","category-haberler-yerel","category-son-haberler","category-yerel","tag-suriye-ve-isvec-iki-ulke-arasindaki-ortak-is-birligini-gorustu"],"_links":{"self":[{"href":"https:\/\/archive.sana.sy\/tr\/index.php?rest_route=\/wp\/v2\/posts\/325777","targetHints":{"allow":["GET"]}}],"collection":[{"href":"https:\/\/archive.sana.sy\/tr\/index.php?rest_route=\/wp\/v2\/posts"}],"about":[{"href":"https:\/\/archive.sana.sy\/tr\/index.php?rest_route=\/wp\/v2\/types\/post"}],"author":[{"embeddable":true,"href":"https:\/\/archive.sana.sy\/tr\/index.php?rest_route=\/wp\/v2\/users\/44"}],"replies":[{"embeddable":true,"href":"https:\/\/archive.sana.sy\/tr\/index.php?rest_route=%2Fwp%2Fv2%2Fcomments&post=325777"}],"version-history":[{"count":1,"href":"https:\/\/archive.sana.sy\/tr\/index.php?rest_route=\/wp\/v2\/posts\/325777\/revisions"}],"predecessor-version":[{"id":325781,"href":"https:\/\/archive.sana.sy\/tr\/index.php?rest_route=\/wp\/v2\/posts\/325777\/revisions\/325781"}],"wp:featuredmedia":[{"embeddable":true,"href":"https:\/\/archive.sana.sy\/tr\/index.php?rest_route=\/wp\/v2\/media\/325778"}],"wp:attachment":[{"href":"https:\/\/archive.sana.sy\/tr\/index.php?rest_route=%2Fwp%2Fv2%2Fmedia&parent=325777"}],"wp:term":[{"taxonomy":"category","embeddable":true,"href":"https:\/\/archive.sana.sy\/tr\/index.php?rest_route=%2Fwp%2Fv2%2Fcategories&post=325777"},{"taxonomy":"post_tag","embeddable":true,"href":"https:\/\/archive.sana.sy\/tr\/index.php?rest_route=%2Fwp%2Fv2%2Ftags&post=325777"}],"curies":[{"name":"wp","href":"https:\/\/api.w.org\/{rel}","templated":true}]}}