{"id":325783,"date":"2025-07-17T16:11:26","date_gmt":"2025-07-17T13:11:26","guid":{"rendered":"https:\/\/sana.sy\/tr\/?p=325783"},"modified":"2025-07-17T16:11:26","modified_gmt":"2025-07-17T13:11:26","slug":"irak-israilin-suriyeye-yonelik-saldirilari-ciddi-bir-ihlaldir","status":"publish","type":"post","link":"https:\/\/archive.sana.sy\/tr\/?p=325783","title":{"rendered":"Irak: \u0130srail&#8217;in Suriye&#8217;ye Y\u00f6nelik Sald\u0131r\u0131lar\u0131 Ciddi Bir \u0130hlaldir"},"content":{"rendered":"<p style=\"text-align: justify;\"><span style=\"color: #800000;\"><strong>BA\u011eDAT (SANA)<\/strong> &#8211;<\/span> Irak, \u0130srail&#8217;in Suriye topraklar\u0131na y\u00f6nelik onlarca ki\u015finin \u00f6l\u00fcm\u00fcne, yaralanmas\u0131na ve b\u00fcy\u00fck maddi hasar\u0131n olu\u015fmas\u0131na yol a\u00e7an son sald\u0131r\u0131lar\u0131n\u0131 k\u0131nad\u0131.<\/p>\n<p style=\"text-align: justify;\">Irak Haber Ajans\u0131, Irak Cumhurba\u015fkan\u0131 Abdulllatif Cemal Ra\u015fid ve Ba\u015fbakan Muhammed \u015eeyya El Sudani&#8217;nin ortak bir a\u00e7\u0131klama yaparak, \u0130srail&#8217;in ba\u015fkent \u015eam&#8217;daki baz\u0131 noktalar\u0131 bombalamas\u0131n\u0131 k\u0131nad\u0131klar\u0131n\u0131 ve bunu Suriye&#8217;nin egemenli\u011finin ciddi bir ihlali olarak nitelendirdiklerini bildirdi\u011fini ve \u0130ki liderin, \u00e7at\u0131\u015fman\u0131n yay\u0131lmas\u0131n\u0131 \u00f6nlemek ve b\u00f6lgeyi sava\u015f\u0131n sonu\u00e7lar\u0131ndan korumak i\u00e7in b\u00f6lgesel ve uluslararas\u0131 \u00e7abalar\u0131 desteklemenin gereklili\u011fini vurgulad\u0131\u011f\u0131n\u0131, \u00a0ayr\u0131ca, Gazze \u015eeridi ve L\u00fcbnan&#8217;a y\u00f6nelik sald\u0131r\u0131lar\u0131 durdurmak ve Gazze \u015eeridi&#8217;ndeki ku\u015fatma alt\u0131ndaki Filistin halk\u0131na insani yard\u0131m ula\u015ft\u0131rmak i\u00e7in \u00e7aba g\u00f6sterilmesi gerekti\u011fini vurgulad\u0131\u011f\u0131n\u0131 aktard\u0131.<\/p>\n","protected":false},"excerpt":{"rendered":"<p>BA\u011eDAT (SANA) &#8211; Irak, \u0130srail&#8217;in Suriye topraklar\u0131na y\u00f6nelik onlarca ki\u015finin \u00f6l\u00fcm\u00fcne, yaralanmas\u0131na ve b\u00fcy\u00fck maddi hasar\u0131n olu\u015fmas\u0131na yol a\u00e7an son sald\u0131r\u0131lar\u0131n\u0131 k\u0131nad\u0131. Irak Haber Ajans\u0131, Irak Cumhurba\u015fkan\u0131 Abdulllatif Cemal Ra\u015fid ve Ba\u015fbakan Muhammed \u015eeyya El Sudani&#8217;nin ortak bir a\u00e7\u0131klama yaparak, \u0130srail&#8217;in ba\u015fkent \u015eam&#8217;daki baz\u0131 noktalar\u0131 bombalamas\u0131n\u0131 k\u0131nad\u0131klar\u0131n\u0131 ve bunu Suriye&#8217;nin egemenli\u011finin ciddi bir ihlali olarak &hellip;<\/p>\n","protected":false},"author":44,"featured_media":325784,"comment_status":"closed","ping_status":"closed","sticky":false,"template":"","format":"standard","meta":{"footnotes":""},"categories":[458,589,459,17988],"tags":[44059],"class_list":["post-325783","post","type-post","status-publish","format-standard","has-post-thumbnail","","category-dunya1","category-haber-seridi","category-haberler-arap-uluslararasi-politika","category-son-haberler","tag-irak-israilin-suriyeye-yonelik-saldirilari-ciddi-bir-ihlaldir"],"_links":{"self":[{"href":"https:\/\/archive.sana.sy\/tr\/index.php?rest_route=\/wp\/v2\/posts\/325783","targetHints":{"allow":["GET"]}}],"collection":[{"href":"https:\/\/archive.sana.sy\/tr\/index.php?rest_route=\/wp\/v2\/posts"}],"about":[{"href":"https:\/\/archive.sana.sy\/tr\/index.php?rest_route=\/wp\/v2\/types\/post"}],"author":[{"embeddable":true,"href":"https:\/\/archive.sana.sy\/tr\/index.php?rest_route=\/wp\/v2\/users\/44"}],"replies":[{"embeddable":true,"href":"https:\/\/archive.sana.sy\/tr\/index.php?rest_route=%2Fwp%2Fv2%2Fcomments&post=325783"}],"version-history":[{"count":1,"href":"https:\/\/archive.sana.sy\/tr\/index.php?rest_route=\/wp\/v2\/posts\/325783\/revisions"}],"predecessor-version":[{"id":325785,"href":"https:\/\/archive.sana.sy\/tr\/index.php?rest_route=\/wp\/v2\/posts\/325783\/revisions\/325785"}],"wp:featuredmedia":[{"embeddable":true,"href":"https:\/\/archive.sana.sy\/tr\/index.php?rest_route=\/wp\/v2\/media\/325784"}],"wp:attachment":[{"href":"https:\/\/archive.sana.sy\/tr\/index.php?rest_route=%2Fwp%2Fv2%2Fmedia&parent=325783"}],"wp:term":[{"taxonomy":"category","embeddable":true,"href":"https:\/\/archive.sana.sy\/tr\/index.php?rest_route=%2Fwp%2Fv2%2Fcategories&post=325783"},{"taxonomy":"post_tag","embeddable":true,"href":"https:\/\/archive.sana.sy\/tr\/index.php?rest_route=%2Fwp%2Fv2%2Ftags&post=325783"}],"curies":[{"name":"wp","href":"https:\/\/api.w.org\/{rel}","templated":true}]}}