{"id":325786,"date":"2025-07-17T17:06:41","date_gmt":"2025-07-17T14:06:41","guid":{"rendered":"https:\/\/sana.sy\/tr\/?p=325786"},"modified":"2025-07-17T17:17:09","modified_gmt":"2025-07-17T14:17:09","slug":"suveyda-kirsalinda-kanun-disi-gruplar-sivillere-ve-asiret-mensuplarina-karsi-katliamlar-gerceklestirdi","status":"publish","type":"post","link":"https:\/\/archive.sana.sy\/tr\/?p=325786","title":{"rendered":"S\u00fcveyda K\u0131rsal\u0131nda Kanun D\u0131\u015f\u0131 Gruplar Sivillere Ve A\u015firet Mensuplar\u0131na Kar\u015f\u0131 Katliamlar Ger\u00e7ekle\u015ftirdi"},"content":{"rendered":"<p style=\"text-align: justify;\"><strong><span style=\"color: #ff0000;\">S\u00dcVEYDA (SANA)<\/span> &#8211;<\/strong> \u0130\u00e7i\u015fleri Bakanl\u0131\u011f\u0131&#8217;n\u0131n S\u00fcveyda&#8217;da a\u00e7\u0131klad\u0131\u011f\u0131 mutabakat \u015fartlar\u0131n\u0131n uygulanmas\u0131 ve b\u00f6lgedeki g\u00fcvenli\u011fin yerel gruplar ve din adamlar\u0131na devredilmesinin ard\u0131ndan kanun d\u0131\u015f\u0131 gruplar, El Makus Mahallesi&#8217;ne sald\u0131rarak sivillere y\u00f6nelik katliam ve ihlallerde bulundu.<\/p>\n<p style=\"text-align: justify;\">Yerel kaynaklar, s\u00f6z konusu gruplar\u0131n mahalleye sald\u0131rd\u0131\u011f\u0131n\u0131, kad\u0131n ve \u00e7ocuklara y\u00f6nelik katliamlar ger\u00e7ekle\u015ftirdi\u011fini, b\u00f6lgedeki a\u015firet ve Bedevi halk\u0131na y\u00f6nelik infaz ve ihlallerde bulundu\u011funu, \u00e7ok say\u0131da sivilin \u00f6ld\u00fcr\u00fcld\u00fc\u011f\u00fcn\u00fc ve yaraland\u0131\u011f\u0131n\u0131 bildirdi.<\/p>\n<p style=\"text-align: justify;\">Kaynaklar ayr\u0131ca, sabah saatlerinden itibaren S\u00fcveyda k\u0131rsal\u0131nda Bedevi kabilelerinin zorla yerlerinden edildi\u011fini, kanunsuz gruplar\u0131n kendilerine y\u00f6nelik tehditleri oldu\u011funu kaydetti.<\/p>\n","protected":false},"excerpt":{"rendered":"<p>S\u00dcVEYDA (SANA) &#8211; \u0130\u00e7i\u015fleri Bakanl\u0131\u011f\u0131&#8217;n\u0131n S\u00fcveyda&#8217;da a\u00e7\u0131klad\u0131\u011f\u0131 mutabakat \u015fartlar\u0131n\u0131n uygulanmas\u0131 ve b\u00f6lgedeki g\u00fcvenli\u011fin yerel gruplar ve din adamlar\u0131na devredilmesinin ard\u0131ndan kanun d\u0131\u015f\u0131 gruplar, El Makus Mahallesi&#8217;ne sald\u0131rarak sivillere y\u00f6nelik katliam ve ihlallerde bulundu. Yerel kaynaklar, s\u00f6z konusu gruplar\u0131n mahalleye sald\u0131rd\u0131\u011f\u0131n\u0131, kad\u0131n ve \u00e7ocuklara y\u00f6nelik katliamlar ger\u00e7ekle\u015ftirdi\u011fini, b\u00f6lgedeki a\u015firet ve Bedevi halk\u0131na y\u00f6nelik infaz ve ihlallerde &hellip;<\/p>\n","protected":false},"author":44,"featured_media":325787,"comment_status":"closed","ping_status":"closed","sticky":false,"template":"","format":"standard","meta":{"footnotes":""},"categories":[589,479,17988,478],"tags":[],"class_list":["post-325786","post","type-post","status-publish","format-standard","has-post-thumbnail","","category-haber-seridi","category-haberler-yerel","category-son-haberler","category-yerel"],"_links":{"self":[{"href":"https:\/\/archive.sana.sy\/tr\/index.php?rest_route=\/wp\/v2\/posts\/325786","targetHints":{"allow":["GET"]}}],"collection":[{"href":"https:\/\/archive.sana.sy\/tr\/index.php?rest_route=\/wp\/v2\/posts"}],"about":[{"href":"https:\/\/archive.sana.sy\/tr\/index.php?rest_route=\/wp\/v2\/types\/post"}],"author":[{"embeddable":true,"href":"https:\/\/archive.sana.sy\/tr\/index.php?rest_route=\/wp\/v2\/users\/44"}],"replies":[{"embeddable":true,"href":"https:\/\/archive.sana.sy\/tr\/index.php?rest_route=%2Fwp%2Fv2%2Fcomments&post=325786"}],"version-history":[{"count":1,"href":"https:\/\/archive.sana.sy\/tr\/index.php?rest_route=\/wp\/v2\/posts\/325786\/revisions"}],"predecessor-version":[{"id":325788,"href":"https:\/\/archive.sana.sy\/tr\/index.php?rest_route=\/wp\/v2\/posts\/325786\/revisions\/325788"}],"wp:featuredmedia":[{"embeddable":true,"href":"https:\/\/archive.sana.sy\/tr\/index.php?rest_route=\/wp\/v2\/media\/325787"}],"wp:attachment":[{"href":"https:\/\/archive.sana.sy\/tr\/index.php?rest_route=%2Fwp%2Fv2%2Fmedia&parent=325786"}],"wp:term":[{"taxonomy":"category","embeddable":true,"href":"https:\/\/archive.sana.sy\/tr\/index.php?rest_route=%2Fwp%2Fv2%2Fcategories&post=325786"},{"taxonomy":"post_tag","embeddable":true,"href":"https:\/\/archive.sana.sy\/tr\/index.php?rest_route=%2Fwp%2Fv2%2Ftags&post=325786"}],"curies":[{"name":"wp","href":"https:\/\/api.w.org\/{rel}","templated":true}]}}