{"id":32579,"date":"2015-05-09T11:46:10","date_gmt":"2015-05-09T08:46:10","guid":{"rendered":"http:\/\/sana.sy\/tr\/?p=32579"},"modified":"2015-05-09T11:46:10","modified_gmt":"2015-05-09T08:46:10","slug":"nazizme-zeferin-70-yildonumu-kutlamalari-buyuk-askeri-torenle-yapiliyor","status":"publish","type":"post","link":"https:\/\/archive.sana.sy\/tr\/?p=32579","title":{"rendered":"Nazizm\u2019e Zeferin 70. Y\u0131ld\u00f6n\u00fcm\u00fc Kutlamalar\u0131 B\u00fcy\u00fck Askeri T\u00f6renle Yap\u0131l\u0131yor"},"content":{"rendered":"<p>MOSKOVA \u2013 Rusya\u2019n\u0131n Ba\u015fkenti Moskova\u2019da Rusya Federasyonu&#8217;nun 9 May\u0131s Zafer Bayram\u0131&#8217;n\u0131n 70. Y\u0131ld\u00f6n\u00fcm\u00fc m\u00fcnasebetiyle b\u00fcy\u00fck bir askeri t\u00f6ren d\u00fczenleniyor.<\/p>\n<p>Rusya\u2019n\u0131n 26 kentinin de daha ayn\u0131 t\u00f6renlere tan\u0131k olurken askeri t\u00f6rene Rusya G\u00fc\u00e7lerinden yakla\u015f\u0131k 85 bin asker kat\u0131l\u0131yor.<\/p>\n<p>Rusya Ba\u015fkan\u0131 Viladimir Putin t\u00f6ren esnas\u0131nda yapt\u0131\u011f\u0131 konu\u015fmada, Nazizm\u2019e s\u0131n\u0131r koyan ve Hitlerin zalim ve macerac\u0131 g\u00fcc\u00fcn\u00fc bertaraf eden babalar\u0131m\u0131z\u0131n ve atalar\u0131m\u0131z\u0131n yapt\u0131klar\u0131yla gurur duyarak bu m\u00fcnasebeti kutluyoruz dedi.<\/p>\n<p>Putin: \u201c\u00dclkemiz i\u00e7in sava\u015ft\u0131k, kurtard\u0131k ve birinci d\u00fcnya harbinin kaderini belirledik\u201d dedi.<\/p>\n<p>Moskova\u2019da d\u00fczenlenen askeri merasime yakla\u015f\u0131k 30 \u00fclke lider ve temsilcisi haz\u0131r bulunurken Moskova\u2019daki t\u00f6rene 16 bin asker, 190 adet sava\u015f donanmas\u0131 ile aralar\u0131nda en modern modellerin bulundu\u011fu 150 adet u\u00e7ak ve helikopter kat\u0131l\u0131yor.<\/p>\n<p>S.\u015e<\/p>\n","protected":false},"excerpt":{"rendered":"<p>MOSKOVA \u2013 Rusya\u2019n\u0131n Ba\u015fkenti Moskova\u2019da Rusya Federasyonu&#8217;nun 9 May\u0131s Zafer Bayram\u0131&#8217;n\u0131n 70. Y\u0131ld\u00f6n\u00fcm\u00fc m\u00fcnasebetiyle b\u00fcy\u00fck bir askeri t\u00f6ren d\u00fczenleniyor. Rusya\u2019n\u0131n 26 kentinin de daha ayn\u0131 t\u00f6renlere tan\u0131k olurken askeri t\u00f6rene Rusya G\u00fc\u00e7lerinden yakla\u015f\u0131k 85 bin asker kat\u0131l\u0131yor. Rusya Ba\u015fkan\u0131 Viladimir Putin t\u00f6ren esnas\u0131nda yapt\u0131\u011f\u0131 konu\u015fmada, Nazizm\u2019e s\u0131n\u0131r koyan ve Hitlerin zalim ve macerac\u0131 g\u00fcc\u00fcn\u00fc bertaraf &hellip;<\/p>\n","protected":false},"author":1,"featured_media":32580,"comment_status":"closed","ping_status":"closed","sticky":false,"template":"","format":"standard","meta":{"footnotes":""},"categories":[458,459,447],"tags":[14389],"class_list":["post-32579","post","type-post","status-publish","format-standard","has-post-thumbnail","","category-dunya1","category-haberler-arap-uluslararasi-politika","category-politika","tag-nazizme-zeferin-70-yildonumu-kutlamalari-buyuk-askeri-torenle-yapiliyor"],"_links":{"self":[{"href":"https:\/\/archive.sana.sy\/tr\/index.php?rest_route=\/wp\/v2\/posts\/32579","targetHints":{"allow":["GET"]}}],"collection":[{"href":"https:\/\/archive.sana.sy\/tr\/index.php?rest_route=\/wp\/v2\/posts"}],"about":[{"href":"https:\/\/archive.sana.sy\/tr\/index.php?rest_route=\/wp\/v2\/types\/post"}],"author":[{"embeddable":true,"href":"https:\/\/archive.sana.sy\/tr\/index.php?rest_route=\/wp\/v2\/users\/1"}],"replies":[{"embeddable":true,"href":"https:\/\/archive.sana.sy\/tr\/index.php?rest_route=%2Fwp%2Fv2%2Fcomments&post=32579"}],"version-history":[{"count":0,"href":"https:\/\/archive.sana.sy\/tr\/index.php?rest_route=\/wp\/v2\/posts\/32579\/revisions"}],"wp:featuredmedia":[{"embeddable":true,"href":"https:\/\/archive.sana.sy\/tr\/index.php?rest_route=\/wp\/v2\/media\/32580"}],"wp:attachment":[{"href":"https:\/\/archive.sana.sy\/tr\/index.php?rest_route=%2Fwp%2Fv2%2Fmedia&parent=32579"}],"wp:term":[{"taxonomy":"category","embeddable":true,"href":"https:\/\/archive.sana.sy\/tr\/index.php?rest_route=%2Fwp%2Fv2%2Fcategories&post=32579"},{"taxonomy":"post_tag","embeddable":true,"href":"https:\/\/archive.sana.sy\/tr\/index.php?rest_route=%2Fwp%2Fv2%2Ftags&post=32579"}],"curies":[{"name":"wp","href":"https:\/\/api.w.org\/{rel}","templated":true}]}}