{"id":325799,"date":"2025-07-17T17:37:59","date_gmt":"2025-07-17T14:37:59","guid":{"rendered":"https:\/\/sana.sy\/tr\/?p=325799"},"modified":"2025-07-17T17:37:59","modified_gmt":"2025-07-17T14:37:59","slug":"malezya-basbakani-israilin-sama-yonelik-saldirilari-suriyenin-egemenliginin-ihlalidir","status":"publish","type":"post","link":"https:\/\/archive.sana.sy\/tr\/?p=325799","title":{"rendered":"Malezya Ba\u015fbakan\u0131: \u0130srail&#8217;in \u015eam&#8217;a Y\u00f6nelik Sald\u0131r\u0131lar\u0131 Suriye&#8217;nin Egemenli\u011finin \u0130hlalidir"},"content":{"rendered":"<p style=\"text-align: justify;\"><span style=\"color: #800000;\"><strong>KUALA LUMPUR (SANA) &#8211;<\/strong><\/span> Malezya Ba\u015fbakan\u0131 Enver \u0130brahim, \u0130srail&#8217;in Suriye&#8217;nin ba\u015fkenti \u015eam&#8217;a d\u00fczenledi\u011fi hava sald\u0131r\u0131lar\u0131n\u0131 k\u0131nayarak, bunlar\u0131n &#8220;Suriye&#8217;nin egemenli\u011finin ihlali&#8221; oldu\u011funu ve masum insanlar\u0131n hayat\u0131n\u0131 kaybetmesine yol a\u00e7t\u0131\u011f\u0131n\u0131 s\u00f6yledi.<\/p>\n<p style=\"text-align: justify;\">Malezya Haber Ajans\u0131, \u0130brahim&#8217;in bug\u00fcn yapt\u0131\u011f\u0131 a\u00e7\u0131klamada, &#8220;Bu bask\u0131nlar uluslararas\u0131 hukukun ve Suriye ile \u0130srail aras\u0131ndaki 1974 tarihli Ayr\u0131lma Karar\u0131&#8217;n\u0131n a\u00e7\u0131k bir ihlalidir&#8221; dedi\u011fini ve &#8220;Suriye, son on y\u0131lda muazzam zorluklar ya\u015fad\u0131 ve halk\u0131 bar\u0131\u015f\u0131 hak ediyor, daha fazla \u015fiddeti ve d\u0131\u015f m\u00fcdahaleyi de\u011fil&#8221; dedi\u011fini aktard\u0131.<\/p>\n<p style=\"text-align: justify;\">\u0130brahim\u00a0 ayr\u0131ca, Malezya&#8217;n\u0131n Suriye halk\u0131n\u0131n yan\u0131nda oldu\u011funu, bu ihlallerin derhal sona erdirilmesini talep etti\u011fini ve insani ilkelere ve hukukun \u00fcst\u00fcnl\u00fc\u011f\u00fcne olan ba\u011fl\u0131l\u0131\u011f\u0131n\u0131 yineledi\u011fini belirtti.<\/p>\n","protected":false},"excerpt":{"rendered":"<p>KUALA LUMPUR (SANA) &#8211; Malezya Ba\u015fbakan\u0131 Enver \u0130brahim, \u0130srail&#8217;in Suriye&#8217;nin ba\u015fkenti \u015eam&#8217;a d\u00fczenledi\u011fi hava sald\u0131r\u0131lar\u0131n\u0131 k\u0131nayarak, bunlar\u0131n &#8220;Suriye&#8217;nin egemenli\u011finin ihlali&#8221; oldu\u011funu ve masum insanlar\u0131n hayat\u0131n\u0131 kaybetmesine yol a\u00e7t\u0131\u011f\u0131n\u0131 s\u00f6yledi. Malezya Haber Ajans\u0131, \u0130brahim&#8217;in bug\u00fcn yapt\u0131\u011f\u0131 a\u00e7\u0131klamada, &#8220;Bu bask\u0131nlar uluslararas\u0131 hukukun ve Suriye ile \u0130srail aras\u0131ndaki 1974 tarihli Ayr\u0131lma Karar\u0131&#8217;n\u0131n a\u00e7\u0131k bir ihlalidir&#8221; dedi\u011fini ve &#8220;Suriye, &hellip;<\/p>\n","protected":false},"author":44,"featured_media":325800,"comment_status":"closed","ping_status":"closed","sticky":false,"template":"","format":"standard","meta":{"footnotes":""},"categories":[458,589,459,17988],"tags":[44060],"class_list":["post-325799","post","type-post","status-publish","format-standard","has-post-thumbnail","","category-dunya1","category-haber-seridi","category-haberler-arap-uluslararasi-politika","category-son-haberler","tag-malezya-basbakani-israilin-sama-yonelik-saldirilari-suriyenin-egemenliginin-ihlalidir"],"_links":{"self":[{"href":"https:\/\/archive.sana.sy\/tr\/index.php?rest_route=\/wp\/v2\/posts\/325799","targetHints":{"allow":["GET"]}}],"collection":[{"href":"https:\/\/archive.sana.sy\/tr\/index.php?rest_route=\/wp\/v2\/posts"}],"about":[{"href":"https:\/\/archive.sana.sy\/tr\/index.php?rest_route=\/wp\/v2\/types\/post"}],"author":[{"embeddable":true,"href":"https:\/\/archive.sana.sy\/tr\/index.php?rest_route=\/wp\/v2\/users\/44"}],"replies":[{"embeddable":true,"href":"https:\/\/archive.sana.sy\/tr\/index.php?rest_route=%2Fwp%2Fv2%2Fcomments&post=325799"}],"version-history":[{"count":1,"href":"https:\/\/archive.sana.sy\/tr\/index.php?rest_route=\/wp\/v2\/posts\/325799\/revisions"}],"predecessor-version":[{"id":325801,"href":"https:\/\/archive.sana.sy\/tr\/index.php?rest_route=\/wp\/v2\/posts\/325799\/revisions\/325801"}],"wp:featuredmedia":[{"embeddable":true,"href":"https:\/\/archive.sana.sy\/tr\/index.php?rest_route=\/wp\/v2\/media\/325800"}],"wp:attachment":[{"href":"https:\/\/archive.sana.sy\/tr\/index.php?rest_route=%2Fwp%2Fv2%2Fmedia&parent=325799"}],"wp:term":[{"taxonomy":"category","embeddable":true,"href":"https:\/\/archive.sana.sy\/tr\/index.php?rest_route=%2Fwp%2Fv2%2Fcategories&post=325799"},{"taxonomy":"post_tag","embeddable":true,"href":"https:\/\/archive.sana.sy\/tr\/index.php?rest_route=%2Fwp%2Fv2%2Ftags&post=325799"}],"curies":[{"name":"wp","href":"https:\/\/api.w.org\/{rel}","templated":true}]}}