{"id":325802,"date":"2025-07-17T17:47:01","date_gmt":"2025-07-17T14:47:01","guid":{"rendered":"https:\/\/sana.sy\/tr\/?p=325802"},"modified":"2025-07-17T17:47:01","modified_gmt":"2025-07-17T14:47:01","slug":"el-ezher-el-serif-israilin-suriyeye-yonelik-saldirilarini-en-sert-sekilde-kinadi","status":"publish","type":"post","link":"https:\/\/archive.sana.sy\/tr\/?p=325802","title":{"rendered":"El Ezher El \u015eerif, \u0130srail&#8217;in Suriye&#8217;ye Y\u00f6nelik Sald\u0131r\u0131lar\u0131n\u0131 En Sert \u015eekilde K\u0131nad\u0131"},"content":{"rendered":"<p style=\"text-align: justify;\"><span style=\"color: #800000;\"><strong>KAH\u0130RE (SANA) &#8211;<\/strong><\/span> El Ezher El \u015eerif, \u0130srail&#8217;in Suriye&#8217;ye y\u00f6nelik sald\u0131r\u0131lar\u0131n\u0131 en sert \u015fekilde k\u0131nayarak, bunlar\u0131n \u0130srail&#8217;in kaos ve istikrars\u0131zl\u0131k yayma g\u00fcndemini ve b\u00f6lge \u00fclkelerine ve halklar\u0131na y\u00f6nelik tekrarlanan ihlallerini yans\u0131tt\u0131\u011f\u0131n\u0131 belirtti.<\/p>\n<p style=\"text-align: justify;\">El Ezher El \u015eerif bug\u00fcn yapt\u0131\u011f\u0131 a\u00e7\u0131klamada \u015funlar\u0131 s\u00f6yledi: \u201c\u0130srail\u2019in Suriye\u2019ye y\u00f6nelik sald\u0131r\u0131lar\u0131, t\u00fcm b\u00f6lgeyi patlaman\u0131n e\u015fi\u011fine getirmeyi ve b\u00f6ylece \u0130srail\u2019in geni\u015fleme, toprak ele ge\u00e7irme ve daha geni\u015f alanlar\u0131 i\u015fgal etme hedeflerine ula\u015fmay\u0131 ama\u00e7l\u0131yor. Bu, her zamanki uluslararas\u0131 sessizlik ve uluslararas\u0131 ve insani hukukun a\u00e7\u0131k\u00e7a ihlali anlam\u0131na geliyor.\u201d<\/p>\n<p style=\"text-align: justify;\">El Ezher El \u015eerif ayr\u0131ca, Suriyelilerin g\u00fcc\u00fcn\u00fcn, \u00e7e\u015fitliliklerine ra\u011fmen birlik olmalar\u0131nda ve farkl\u0131 din ve mezhepleriyle olumlu bir \u015fekilde bir arada ya\u015fayabilmelerinde yatt\u0131\u011f\u0131n\u0131 belirterek, Suriye halk\u0131n\u0131 Suriye&#8217;nin istikrar\u0131na ve toprak b\u00fct\u00fcnl\u00fc\u011f\u00fcne ba\u011fl\u0131 kalmaya \u00e7a\u011f\u0131rd\u0131.<\/p>\n","protected":false},"excerpt":{"rendered":"<p>KAH\u0130RE (SANA) &#8211; El Ezher El \u015eerif, \u0130srail&#8217;in Suriye&#8217;ye y\u00f6nelik sald\u0131r\u0131lar\u0131n\u0131 en sert \u015fekilde k\u0131nayarak, bunlar\u0131n \u0130srail&#8217;in kaos ve istikrars\u0131zl\u0131k yayma g\u00fcndemini ve b\u00f6lge \u00fclkelerine ve halklar\u0131na y\u00f6nelik tekrarlanan ihlallerini yans\u0131tt\u0131\u011f\u0131n\u0131 belirtti. El Ezher El \u015eerif bug\u00fcn yapt\u0131\u011f\u0131 a\u00e7\u0131klamada \u015funlar\u0131 s\u00f6yledi: \u201c\u0130srail\u2019in Suriye\u2019ye y\u00f6nelik sald\u0131r\u0131lar\u0131, t\u00fcm b\u00f6lgeyi patlaman\u0131n e\u015fi\u011fine getirmeyi ve b\u00f6ylece \u0130srail\u2019in geni\u015fleme, toprak &hellip;<\/p>\n","protected":false},"author":44,"featured_media":325803,"comment_status":"closed","ping_status":"closed","sticky":false,"template":"","format":"standard","meta":{"footnotes":""},"categories":[458,589,459,17988],"tags":[44061,44062],"class_list":["post-325802","post","type-post","status-publish","format-standard","has-post-thumbnail","","category-dunya1","category-haber-seridi","category-haberler-arap-uluslararasi-politika","category-son-haberler","tag-el-ezher-el-serif","tag-israilin-suriyeye-yonelik-saldirilarini-en-sert-sekilde-kinadi"],"_links":{"self":[{"href":"https:\/\/archive.sana.sy\/tr\/index.php?rest_route=\/wp\/v2\/posts\/325802","targetHints":{"allow":["GET"]}}],"collection":[{"href":"https:\/\/archive.sana.sy\/tr\/index.php?rest_route=\/wp\/v2\/posts"}],"about":[{"href":"https:\/\/archive.sana.sy\/tr\/index.php?rest_route=\/wp\/v2\/types\/post"}],"author":[{"embeddable":true,"href":"https:\/\/archive.sana.sy\/tr\/index.php?rest_route=\/wp\/v2\/users\/44"}],"replies":[{"embeddable":true,"href":"https:\/\/archive.sana.sy\/tr\/index.php?rest_route=%2Fwp%2Fv2%2Fcomments&post=325802"}],"version-history":[{"count":1,"href":"https:\/\/archive.sana.sy\/tr\/index.php?rest_route=\/wp\/v2\/posts\/325802\/revisions"}],"predecessor-version":[{"id":325804,"href":"https:\/\/archive.sana.sy\/tr\/index.php?rest_route=\/wp\/v2\/posts\/325802\/revisions\/325804"}],"wp:featuredmedia":[{"embeddable":true,"href":"https:\/\/archive.sana.sy\/tr\/index.php?rest_route=\/wp\/v2\/media\/325803"}],"wp:attachment":[{"href":"https:\/\/archive.sana.sy\/tr\/index.php?rest_route=%2Fwp%2Fv2%2Fmedia&parent=325802"}],"wp:term":[{"taxonomy":"category","embeddable":true,"href":"https:\/\/archive.sana.sy\/tr\/index.php?rest_route=%2Fwp%2Fv2%2Fcategories&post=325802"},{"taxonomy":"post_tag","embeddable":true,"href":"https:\/\/archive.sana.sy\/tr\/index.php?rest_route=%2Fwp%2Fv2%2Ftags&post=325802"}],"curies":[{"name":"wp","href":"https:\/\/api.w.org\/{rel}","templated":true}]}}