{"id":325810,"date":"2025-07-17T20:32:18","date_gmt":"2025-07-17T17:32:18","guid":{"rendered":"https:\/\/sana.sy\/tr\/?p=325810"},"modified":"2025-07-17T20:32:18","modified_gmt":"2025-07-17T17:32:18","slug":"humus-universitesi-ogrencilerinden-suriyeye-yonelik-israil-saldirilarina-tepki-gosterisi","status":"publish","type":"post","link":"https:\/\/archive.sana.sy\/tr\/?p=325810","title":{"rendered":"Humus \u00dcniversitesi \u00d6\u011frencilerinden Suriye\u2019ye Y\u00f6nelik \u0130srail Sald\u0131r\u0131lar\u0131na Tepki G\u00f6sterisi"},"content":{"rendered":"<p style=\"text-align: justify;\"><span style=\"color: #ff0000;\"><strong>HUMUS (SANA) &#8211;<\/strong> <\/span>Humus \u00dcniversitesi \u00f6\u011frencileri, bug\u00fcn Suriye\u2019ye y\u00f6nelik tekrarlanan \u0130srail sald\u0131r\u0131lar\u0131n\u0131 protesto etmek amac\u0131yla bir tepki g\u00f6sterisi d\u00fczenledi. G\u00f6steride Suriye Arap Ordusu ve \u0130\u00e7 G\u00fcvenlik Kuvvetleri\u2019ne destek mesajlar\u0131 verildi.<\/p>\n<p style=\"text-align: justify;\">Kat\u0131l\u0131mc\u0131lar, ulusal bayraklar ve Suriye\u2019nin birli\u011fi ile egemenli\u011fine ba\u011fl\u0131l\u0131klar\u0131n\u0131 vurgulayan pankartlar ta\u015f\u0131d\u0131. Gen\u00e7lerin, Suriye\u2019nin toprak b\u00fct\u00fcnl\u00fc\u011f\u00fc ve halk\u0131n\u0131n birli\u011fi i\u00e7in her zaman \u00f6n saflarda yer alaca\u011f\u0131 ifade edildi.<\/p>\n<p style=\"text-align: justify;\">\u00d6\u011frenciler, ulusal birli\u011fe zarar verme ve kaos ya da b\u00f6l\u00fcnme yaratma giri\u015fimlerine kar\u015f\u0131 olduklar\u0131n\u0131 belirtti. Halk dayan\u0131\u015fmas\u0131n\u0131n g\u00fc\u00e7lendirilmesi, \u00fclke birli\u011finin korunmas\u0131 ve Suriye Arap Ordusu ile \u0130\u00e7 G\u00fcvenlik Kuvvetleri\u2019nin yan\u0131nda durulmas\u0131 \u00e7a\u011fr\u0131s\u0131nda bulundular.<\/p>\n<div id='gallery-1' class='gallery galleryid-325810 gallery-columns-2 gallery-size-medium'><figure class='gallery-item'>\n\t\t\t<div class='gallery-icon landscape'>\n\t\t\t\t<a href='https:\/\/archive.sana.sy\/tr\/?attachment_id=325812'><img loading=\"lazy\" decoding=\"async\" width=\"300\" height=\"150\" src=\"https:\/\/archive.sana.sy\/tr\/wp-content\/uploads\/2025\/07\/1-15-660x330-1-300x150.jpg\" class=\"attachment-medium size-medium\" alt=\"\" srcset=\"https:\/\/archive.sana.sy\/tr\/wp-content\/uploads\/2025\/07\/1-15-660x330-1-300x150.jpg 300w, https:\/\/archive.sana.sy\/tr\/wp-content\/uploads\/2025\/07\/1-15-660x330-1.jpg 660w\" sizes=\"auto, (max-width: 300px) 100vw, 300px\" \/><\/a>\n\t\t\t<\/div><\/figure><figure class='gallery-item'>\n\t\t\t<div class='gallery-icon landscape'>\n\t\t\t\t<a href='https:\/\/archive.sana.sy\/tr\/?attachment_id=325813'><img loading=\"lazy\" decoding=\"async\" width=\"300\" height=\"215\" src=\"https:\/\/archive.sana.sy\/tr\/wp-content\/uploads\/2025\/07\/6-4-1-768x551-1-300x215.jpg\" class=\"attachment-medium size-medium\" alt=\"\" srcset=\"https:\/\/archive.sana.sy\/tr\/wp-content\/uploads\/2025\/07\/6-4-1-768x551-1-300x215.jpg 300w, https:\/\/archive.sana.sy\/tr\/wp-content\/uploads\/2025\/07\/6-4-1-768x551-1.jpg 768w\" sizes=\"auto, (max-width: 300px) 100vw, 300px\" \/><\/a>\n\t\t\t<\/div><\/figure>\n\t\t<\/div>\n\n","protected":false},"excerpt":{"rendered":"<p>HUMUS (SANA) &#8211; Humus \u00dcniversitesi \u00f6\u011frencileri, bug\u00fcn Suriye\u2019ye y\u00f6nelik tekrarlanan \u0130srail sald\u0131r\u0131lar\u0131n\u0131 protesto etmek amac\u0131yla bir tepki g\u00f6sterisi d\u00fczenledi. G\u00f6steride Suriye Arap Ordusu ve \u0130\u00e7 G\u00fcvenlik Kuvvetleri\u2019ne destek mesajlar\u0131 verildi. Kat\u0131l\u0131mc\u0131lar, ulusal bayraklar ve Suriye\u2019nin birli\u011fi ile egemenli\u011fine ba\u011fl\u0131l\u0131klar\u0131n\u0131 vurgulayan pankartlar ta\u015f\u0131d\u0131. Gen\u00e7lerin, Suriye\u2019nin toprak b\u00fct\u00fcnl\u00fc\u011f\u00fc ve halk\u0131n\u0131n birli\u011fi i\u00e7in her zaman \u00f6n saflarda yer &hellip;<\/p>\n","protected":false},"author":41,"featured_media":325811,"comment_status":"closed","ping_status":"closed","sticky":false,"template":"","format":"standard","meta":{"footnotes":""},"categories":[589,479,17988,478],"tags":[],"class_list":["post-325810","post","type-post","status-publish","format-standard","has-post-thumbnail","","category-haber-seridi","category-haberler-yerel","category-son-haberler","category-yerel"],"_links":{"self":[{"href":"https:\/\/archive.sana.sy\/tr\/index.php?rest_route=\/wp\/v2\/posts\/325810","targetHints":{"allow":["GET"]}}],"collection":[{"href":"https:\/\/archive.sana.sy\/tr\/index.php?rest_route=\/wp\/v2\/posts"}],"about":[{"href":"https:\/\/archive.sana.sy\/tr\/index.php?rest_route=\/wp\/v2\/types\/post"}],"author":[{"embeddable":true,"href":"https:\/\/archive.sana.sy\/tr\/index.php?rest_route=\/wp\/v2\/users\/41"}],"replies":[{"embeddable":true,"href":"https:\/\/archive.sana.sy\/tr\/index.php?rest_route=%2Fwp%2Fv2%2Fcomments&post=325810"}],"version-history":[{"count":1,"href":"https:\/\/archive.sana.sy\/tr\/index.php?rest_route=\/wp\/v2\/posts\/325810\/revisions"}],"predecessor-version":[{"id":325814,"href":"https:\/\/archive.sana.sy\/tr\/index.php?rest_route=\/wp\/v2\/posts\/325810\/revisions\/325814"}],"wp:featuredmedia":[{"embeddable":true,"href":"https:\/\/archive.sana.sy\/tr\/index.php?rest_route=\/wp\/v2\/media\/325811"}],"wp:attachment":[{"href":"https:\/\/archive.sana.sy\/tr\/index.php?rest_route=%2Fwp%2Fv2%2Fmedia&parent=325810"}],"wp:term":[{"taxonomy":"category","embeddable":true,"href":"https:\/\/archive.sana.sy\/tr\/index.php?rest_route=%2Fwp%2Fv2%2Fcategories&post=325810"},{"taxonomy":"post_tag","embeddable":true,"href":"https:\/\/archive.sana.sy\/tr\/index.php?rest_route=%2Fwp%2Fv2%2Ftags&post=325810"}],"curies":[{"name":"wp","href":"https:\/\/api.w.org\/{rel}","templated":true}]}}