{"id":325820,"date":"2025-07-17T21:56:26","date_gmt":"2025-07-17T18:56:26","guid":{"rendered":"https:\/\/sana.sy\/tr\/?p=325820"},"modified":"2025-07-17T21:56:26","modified_gmt":"2025-07-17T18:56:26","slug":"japonya-suriyenin-egemenligine-ve-toprak-butunlugune-saygi-gosterilmesi-cagrisinda-bulundu","status":"publish","type":"post","link":"https:\/\/archive.sana.sy\/tr\/?p=325820","title":{"rendered":"Japonya, Suriye\u2019nin Egemenli\u011fine Ve Toprak B\u00fct\u00fcnl\u00fc\u011f\u00fcne Sayg\u0131 G\u00f6sterilmesi \u00c7a\u011fr\u0131s\u0131nda Bulundu"},"content":{"rendered":"<p style=\"text-align: justify;\"><span style=\"color: #ff0000;\"><strong>\u015eAM (SANA) &#8211;<\/strong><\/span> Japonya, \u0130srail\u2019in Suriye topraklar\u0131na d\u00fczenledi\u011fi hava sald\u0131r\u0131s\u0131 sonras\u0131, Suriye\u2019nin egemenli\u011fine sayg\u0131 g\u00f6sterilmesi ve toprak b\u00fct\u00fcnl\u00fc\u011f\u00fcn\u00fcn korunmas\u0131n\u0131n \u00f6nemini vurgulad\u0131.<\/p>\n<p style=\"text-align: justify;\">Japonya\u2019n\u0131n \u015eam B\u00fcy\u00fckel\u00e7ili\u011fi, bug\u00fcn (X) platformunda yapt\u0131\u011f\u0131 payla\u015f\u0131mda \u015fu ifadelere yer verdi: \u201cT\u00fcm taraflar\u0131, Suriye topraklar\u0131n\u0131n b\u00fct\u00fcnl\u00fc\u011f\u00fcn\u00fc ve ulusal birli\u011fini korumaya, ba\u011f\u0131ms\u0131zl\u0131\u011f\u0131na ve egemenli\u011fine sayg\u0131 g\u00f6stermeye \u00e7a\u011f\u0131r\u0131yoruz.\u201d<\/p>\n<p style=\"text-align: justify;\">B\u00fcy\u00fckel\u00e7ilik ayr\u0131ca, \u201cAte\u015fkesin s\u00fcrd\u00fcr\u00fclmesi ve \u00f6nceli\u011fin sivillerin can g\u00fcvenli\u011fine verilmesi gerekmektedir\u201d ifadelerini s\u00f6zlerine ekledi.<\/p>\n","protected":false},"excerpt":{"rendered":"<p>\u015eAM (SANA) &#8211; Japonya, \u0130srail\u2019in Suriye topraklar\u0131na d\u00fczenledi\u011fi hava sald\u0131r\u0131s\u0131 sonras\u0131, Suriye\u2019nin egemenli\u011fine sayg\u0131 g\u00f6sterilmesi ve toprak b\u00fct\u00fcnl\u00fc\u011f\u00fcn\u00fcn korunmas\u0131n\u0131n \u00f6nemini vurgulad\u0131. Japonya\u2019n\u0131n \u015eam B\u00fcy\u00fckel\u00e7ili\u011fi, bug\u00fcn (X) platformunda yapt\u0131\u011f\u0131 payla\u015f\u0131mda \u015fu ifadelere yer verdi: \u201cT\u00fcm taraflar\u0131, Suriye topraklar\u0131n\u0131n b\u00fct\u00fcnl\u00fc\u011f\u00fcn\u00fc ve ulusal birli\u011fini korumaya, ba\u011f\u0131ms\u0131zl\u0131\u011f\u0131na ve egemenli\u011fine sayg\u0131 g\u00f6stermeye \u00e7a\u011f\u0131r\u0131yoruz.\u201d B\u00fcy\u00fckel\u00e7ilik ayr\u0131ca, \u201cAte\u015fkesin s\u00fcrd\u00fcr\u00fclmesi ve \u00f6nceli\u011fin sivillerin &hellip;<\/p>\n","protected":false},"author":41,"featured_media":325800,"comment_status":"closed","ping_status":"closed","sticky":false,"template":"","format":"standard","meta":{"footnotes":""},"categories":[458,589,459,17988],"tags":[],"class_list":["post-325820","post","type-post","status-publish","format-standard","has-post-thumbnail","","category-dunya1","category-haber-seridi","category-haberler-arap-uluslararasi-politika","category-son-haberler"],"_links":{"self":[{"href":"https:\/\/archive.sana.sy\/tr\/index.php?rest_route=\/wp\/v2\/posts\/325820","targetHints":{"allow":["GET"]}}],"collection":[{"href":"https:\/\/archive.sana.sy\/tr\/index.php?rest_route=\/wp\/v2\/posts"}],"about":[{"href":"https:\/\/archive.sana.sy\/tr\/index.php?rest_route=\/wp\/v2\/types\/post"}],"author":[{"embeddable":true,"href":"https:\/\/archive.sana.sy\/tr\/index.php?rest_route=\/wp\/v2\/users\/41"}],"replies":[{"embeddable":true,"href":"https:\/\/archive.sana.sy\/tr\/index.php?rest_route=%2Fwp%2Fv2%2Fcomments&post=325820"}],"version-history":[{"count":1,"href":"https:\/\/archive.sana.sy\/tr\/index.php?rest_route=\/wp\/v2\/posts\/325820\/revisions"}],"predecessor-version":[{"id":325821,"href":"https:\/\/archive.sana.sy\/tr\/index.php?rest_route=\/wp\/v2\/posts\/325820\/revisions\/325821"}],"wp:featuredmedia":[{"embeddable":true,"href":"https:\/\/archive.sana.sy\/tr\/index.php?rest_route=\/wp\/v2\/media\/325800"}],"wp:attachment":[{"href":"https:\/\/archive.sana.sy\/tr\/index.php?rest_route=%2Fwp%2Fv2%2Fmedia&parent=325820"}],"wp:term":[{"taxonomy":"category","embeddable":true,"href":"https:\/\/archive.sana.sy\/tr\/index.php?rest_route=%2Fwp%2Fv2%2Fcategories&post=325820"},{"taxonomy":"post_tag","embeddable":true,"href":"https:\/\/archive.sana.sy\/tr\/index.php?rest_route=%2Fwp%2Fv2%2Ftags&post=325820"}],"curies":[{"name":"wp","href":"https:\/\/api.w.org\/{rel}","templated":true}]}}