{"id":325822,"date":"2025-07-17T20:09:36","date_gmt":"2025-07-17T17:09:36","guid":{"rendered":"https:\/\/sana.sy\/tr\/?p=325822"},"modified":"2025-07-17T22:30:18","modified_gmt":"2025-07-17T19:30:18","slug":"ortak-arap-turk-bildirisi-suriyenin-guvenligi-birligi-istikrari-ve-egemenligini-destekliyoruz","status":"publish","type":"post","link":"https:\/\/archive.sana.sy\/tr\/?p=325822","title":{"rendered":"Ortak Arap-T\u00fcrk Bildirisi: Suriye\u2019nin G\u00fcvenli\u011fi, Birli\u011fi, \u0130stikrar\u0131 Ve Egemenli\u011fini Destekliyoruz"},"content":{"rendered":"<p style=\"text-align: justify;\"><span style=\"color: #ff0000;\"><strong>R\u0130YAD (SANA) &#8211;<\/strong><\/span> \u00dcrd\u00fcn, Birle\u015fik Arap Emirlikleri, Bahreyn, Suudi Arabistan, Irak, Umman, Katar, Kuveyt, L\u00fcbnan, M\u0131s\u0131r ve T\u00fcrkiye d\u0131\u015fi\u015fleri bakanlar\u0131, ortak bir bildiriyle Suriye\u2019nin g\u00fcvenli\u011fi, birli\u011fi, istikrar\u0131 ve egemenli\u011fini desteklediklerini ve Suriye\u2019nin i\u00e7 i\u015flerine y\u00f6nelik t\u00fcm d\u0131\u015f m\u00fcdahaleleri reddettiklerini a\u00e7\u0131klad\u0131lar.<\/p>\n<p style=\"text-align: justify;\">Suudi Arabistan\u2019\u0131n \u201cWAS\u201d haber ajans\u0131na g\u00f6re, bakanlar bug\u00fcn yapt\u0131klar\u0131 kapsaml\u0131 g\u00f6r\u00fc\u015fmelerin ard\u0131ndan yay\u0131mlad\u0131klar\u0131 ortak bildiride, Arap Cumhuriyeti Suriye\u2019ye y\u00f6nelik \u0130srail\u2019in tekrarlayan sald\u0131r\u0131lar\u0131n\u0131 k\u0131nad\u0131lar ve bu sald\u0131r\u0131lar\u0131n uluslararas\u0131 hukukun a\u00e7\u0131k bir ihlali, Suriye\u2019nin egemenli\u011fine y\u00f6nelik aleni bir sald\u0131r\u0131 oldu\u011funu vurgulad\u0131layarak, &#8220;Bu sald\u0131r\u0131lar, Suriye\u2019nin g\u00fcvenli\u011fini, istikrar\u0131n\u0131, toprak b\u00fct\u00fcnl\u00fc\u011f\u00fcn\u00fc ve vatanda\u015flar\u0131n\u0131n birli\u011fini sarsmakta ve Suriye h\u00fck\u00fcmetinin karde\u015f halk\u0131n\u0131n beklenti ve tercihlerini kar\u015f\u0131layacak yeni bir Suriye in\u015fa etme \u00e7abalar\u0131n\u0131 baltalamaktad\u0131r&#8221; dediler.<\/p>\n<p style=\"text-align: justify;\">Bakanlar ayr\u0131ca bildiri metninde \u015fu ifadelere yer verdiler: &#8220;S\u00fcveyda vilayetinde krizin sona erdirilmesi amac\u0131yla var\u0131lan anla\u015fmay\u0131 memnuniyetle kar\u015f\u0131l\u0131yor, Suriye\u2019nin birli\u011fi ve vatanda\u015flar\u0131n\u0131n korunmas\u0131 ile i\u00e7 sava\u015f\u0131n durdurulmas\u0131, sivil halk\u0131n g\u00fcvenli\u011finin sa\u011flanmas\u0131 ve devlet ile hukukun egemenli\u011finin temini i\u00e7in anla\u015fman\u0131n uygulanmas\u0131n\u0131n gereklili\u011fini vurguluyoruz.&#8221;<\/p>\n<p style=\"text-align: justify;\">Bildiride ayr\u0131ca \u015fu ifadelere yer verildi: &#8220;Suriye Cumhurba\u015fkan\u0131 Ahmed El \u015eara\u2019n\u0131n, El S\u00fcveyda vilayetinde vatanda\u015flara y\u00f6nelik ihlallerden sorumlu t\u00fcm ki\u015filerin hesap vermesine y\u00f6nelik taahh\u00fcd\u00fcn\u00fc memnuniyetle kar\u015f\u0131l\u0131yor; vilayette ve t\u00fcm Suriye topraklar\u0131nda g\u00fcvenli\u011fin, devlet egemenli\u011finin ve hukukun tesisine y\u00f6nelik t\u00fcm \u00e7abalar\u0131 destekliyoruz. Ayr\u0131ca, \u015fiddetin, mezhep\u00e7ilik ve fitne, k\u0131\u015fk\u0131rtma ve nefreti yayma giri\u015fimlerinin reddedilmesi gerekti\u011fini vurguluyoruz.&#8221;<\/p>\n<p style=\"text-align: justify;\">D\u0131\u015fi\u015fleri bakanlar\u0131 bildiriyi \u015fu ifadelerle tamamlad\u0131lar: &#8220;Uluslararas\u0131 toplumu, Suriye h\u00fck\u00fcmetinin yeniden yap\u0131land\u0131rma s\u00fcrecini desteklemeye, G\u00fcvenlik Konseyi\u2019ni ise, \u0130srail\u2019in i\u015fgal alt\u0131ndaki Suriye topraklar\u0131ndan tamamen \u00e7ekilmesini sa\u011flamak, Suriye\u2019ye y\u00f6nelik t\u00fcm d\u00fc\u015fmanca eylemleri ve m\u00fcdahaleleri durdurmak, 2766 say\u0131l\u0131 karar\u0131 ve 1974 tarihli ate\u015fkes anla\u015fmas\u0131n\u0131 uygulamak konusunda yasal ve ahlaki sorumluluklar\u0131n\u0131 yerine getirmeye \u00e7a\u011f\u0131r\u0131yoruz.&#8221;<\/p>\n","protected":false},"excerpt":{"rendered":"<p>R\u0130YAD (SANA) &#8211; \u00dcrd\u00fcn, Birle\u015fik Arap Emirlikleri, Bahreyn, Suudi Arabistan, Irak, Umman, Katar, Kuveyt, L\u00fcbnan, M\u0131s\u0131r ve T\u00fcrkiye d\u0131\u015fi\u015fleri bakanlar\u0131, ortak bir bildiriyle Suriye\u2019nin g\u00fcvenli\u011fi, birli\u011fi, istikrar\u0131 ve egemenli\u011fini desteklediklerini ve Suriye\u2019nin i\u00e7 i\u015flerine y\u00f6nelik t\u00fcm d\u0131\u015f m\u00fcdahaleleri reddettiklerini a\u00e7\u0131klad\u0131lar. Suudi Arabistan\u2019\u0131n \u201cWAS\u201d haber ajans\u0131na g\u00f6re, bakanlar bug\u00fcn yapt\u0131klar\u0131 kapsaml\u0131 g\u00f6r\u00fc\u015fmelerin ard\u0131ndan yay\u0131mlad\u0131klar\u0131 ortak bildiride, &hellip;<\/p>\n","protected":false},"author":41,"featured_media":325784,"comment_status":"closed","ping_status":"closed","sticky":false,"template":"","format":"standard","meta":{"footnotes":""},"categories":[458,589,459,17988],"tags":[],"class_list":["post-325822","post","type-post","status-publish","format-standard","has-post-thumbnail","","category-dunya1","category-haber-seridi","category-haberler-arap-uluslararasi-politika","category-son-haberler"],"_links":{"self":[{"href":"https:\/\/archive.sana.sy\/tr\/index.php?rest_route=\/wp\/v2\/posts\/325822","targetHints":{"allow":["GET"]}}],"collection":[{"href":"https:\/\/archive.sana.sy\/tr\/index.php?rest_route=\/wp\/v2\/posts"}],"about":[{"href":"https:\/\/archive.sana.sy\/tr\/index.php?rest_route=\/wp\/v2\/types\/post"}],"author":[{"embeddable":true,"href":"https:\/\/archive.sana.sy\/tr\/index.php?rest_route=\/wp\/v2\/users\/41"}],"replies":[{"embeddable":true,"href":"https:\/\/archive.sana.sy\/tr\/index.php?rest_route=%2Fwp%2Fv2%2Fcomments&post=325822"}],"version-history":[{"count":1,"href":"https:\/\/archive.sana.sy\/tr\/index.php?rest_route=\/wp\/v2\/posts\/325822\/revisions"}],"predecessor-version":[{"id":325823,"href":"https:\/\/archive.sana.sy\/tr\/index.php?rest_route=\/wp\/v2\/posts\/325822\/revisions\/325823"}],"wp:featuredmedia":[{"embeddable":true,"href":"https:\/\/archive.sana.sy\/tr\/index.php?rest_route=\/wp\/v2\/media\/325784"}],"wp:attachment":[{"href":"https:\/\/archive.sana.sy\/tr\/index.php?rest_route=%2Fwp%2Fv2%2Fmedia&parent=325822"}],"wp:term":[{"taxonomy":"category","embeddable":true,"href":"https:\/\/archive.sana.sy\/tr\/index.php?rest_route=%2Fwp%2Fv2%2Fcategories&post=325822"},{"taxonomy":"post_tag","embeddable":true,"href":"https:\/\/archive.sana.sy\/tr\/index.php?rest_route=%2Fwp%2Fv2%2Ftags&post=325822"}],"curies":[{"name":"wp","href":"https:\/\/api.w.org\/{rel}","templated":true}]}}