{"id":325827,"date":"2025-07-18T10:54:15","date_gmt":"2025-07-18T07:54:15","guid":{"rendered":"https:\/\/sana.sy\/tr\/?p=325827"},"modified":"2025-07-19T09:16:29","modified_gmt":"2025-07-19T06:16:29","slug":"cumhurbaskani-el-sara-suriyedeki-son-gelismeler-hakkinda-arap-ve-bolgesel-yetkililerden-telefon-aldi","status":"publish","type":"post","link":"https:\/\/archive.sana.sy\/tr\/?p=325827","title":{"rendered":"Cumhurba\u015fkan\u0131 El \u015eara, Suriye&#8217;deki Son Geli\u015fmeler Hakk\u0131nda Arap Ve B\u00f6lgesel Yetkililerden Telefon Ald\u0131"},"content":{"rendered":"<p style=\"text-align: justify;\"><span style=\"color: #800000;\"><strong>\u015eAM (SANA) &#8211;<\/strong><\/span> Cumhurba\u015fkan\u0131 Say\u0131n Ahmed El \u015eara, bug\u00fcn Suudi Arabistan Veliaht Prensi Prens Muhammed bin Selman, T\u00fcrkiye Cumhurba\u015fkan\u0131\u00a0 Say\u0131n Recep Tayyip Erdo\u011fan ve Katar Emiri \u015eeyh Temim bin Hamad El Sani&#8217;den \u00fc\u00e7 telefon ald\u0131. Bu g\u00f6r\u00fc\u015fmelerde, \u00f6zellikle G\u00fcney Suriye&#8217;de devam eden olaylar olmak \u00fczere Suriye&#8217;deki son geli\u015fmeler ele al\u0131nd\u0131.<\/p>\n<p style=\"text-align: justify;\">\u00dc\u00e7 lider, bu kritik ko\u015fullarda Suriye Arap Cumhuriyeti&#8217;ne tam dayan\u0131\u015fma ve desteklerini ifade ederek, \u00f6zellikle \u0130srail&#8217;in Suriye topraklar\u0131na y\u00f6nelik tekrarlanan sald\u0131r\u0131lar\u0131 olmak \u00fczere, b\u00f6lgesel durumu karma\u015f\u0131kla\u015ft\u0131rabilecek, kaos yaratabilecek ve b\u00f6lgedeki g\u00fcvenlik ve istikrar\u0131 bozabilecek tehlikeli bir t\u0131rman\u0131\u015f te\u015fkil eden her t\u00fcrl\u00fc d\u0131\u015f m\u00fcdahaleyi kesin bir dille reddettiklerini vurgulad\u0131lar.<\/p>\n<p style=\"text-align: justify;\">Liderler ayr\u0131ca, Suriye&#8217;nin birli\u011fi ve toprak b\u00fct\u00fcnl\u00fc\u011f\u00fcne verdikleri deste\u011fi, Suriye devletinin t\u00fcm topraklar\u0131 \u00fczerinde tam egemenli\u011fini geni\u015fletmesinin ve Suriye halk\u0131n\u0131n ve t\u00fcm unsurlar\u0131n\u0131n yarar\u0131na g\u00fcvenlik ve istikrar\u0131 sa\u011flaman\u0131n en \u00f6nemli \u00f6ncelik oldu\u011funu kaydettiler.<\/p>\n<p style=\"text-align: justify;\">Cumhurba\u015fkan\u0131 El \u015eara ise, karde\u015f\u00e7e ve destekleyici duru\u015flar\u0131 ve Suriye&#8217;nin mevcut zorluklarla m\u00fccadelesine verdikleri destek i\u00e7in Suudi Arabistan Krall\u0131\u011f\u0131, T\u00fcrkiye Cumhuriyeti ve Katar Devleti&#8217;ne i\u00e7ten te\u015fekk\u00fcrlerini ve takdirlerini sundu.<\/p>\n<p style=\"text-align: justify;\">Cumhurba\u015fkan\u0131 El \u015eara ayr\u0131ca, Suriye devletinin, mezhep ve inan\u00e7lar\u0131na bak\u0131lmaks\u0131z\u0131n t\u00fcm Suriyelileri korumaya kararl\u0131 oldu\u011funu teyit ederek, t\u00fcm mezhepleri koruman\u0131n, Suriye halk\u0131n\u0131n t\u00fcm unsurlar\u0131 i\u00e7in oldu\u011fu gibi devletin sorumlulu\u011fu oldu\u011funu vurgulad\u0131.<\/p>\n<p style=\"text-align: justify;\">Ya\u015fananlar\u0131n silahlar\u0131n yayg\u0131nla\u015fmas\u0131 ve d\u0131\u015f m\u00fcdahalenin sonucu oldu\u011funu belirten\u00a0 Say\u0131n Cumhurba\u015fkan\u0131, Suriye devletinin, \u00fclkenin birli\u011fini ve vatanda\u015flar\u0131n\u0131n onurunu ve g\u00fcvenli\u011fini korumak amac\u0131yla, yasalar\u0131 ihlal eden ve devlet otoritesine boyun e\u011fmeyi reddeden herkesi sorumlu tutma taahh\u00fcd\u00fcn\u00fc vurgulad\u0131.<\/p>\n<p style=\"text-align: justify;\">\n","protected":false},"excerpt":{"rendered":"<p>\u015eAM (SANA) &#8211; Cumhurba\u015fkan\u0131 Say\u0131n Ahmed El \u015eara, bug\u00fcn Suudi Arabistan Veliaht Prensi Prens Muhammed bin Selman, T\u00fcrkiye Cumhurba\u015fkan\u0131\u00a0 Say\u0131n Recep Tayyip Erdo\u011fan ve Katar Emiri \u015eeyh Temim bin Hamad El Sani&#8217;den \u00fc\u00e7 telefon ald\u0131. Bu g\u00f6r\u00fc\u015fmelerde, \u00f6zellikle G\u00fcney Suriye&#8217;de devam eden olaylar olmak \u00fczere Suriye&#8217;deki son geli\u015fmeler ele al\u0131nd\u0131. \u00dc\u00e7 lider, bu kritik ko\u015fullarda &hellip;<\/p>\n","protected":false},"author":44,"featured_media":325828,"comment_status":"closed","ping_status":"closed","sticky":false,"template":"","format":"standard","meta":{"footnotes":""},"categories":[606,605],"tags":[43266,44063],"class_list":["post-325827","post","type-post","status-publish","format-standard","has-post-thumbnail","","category-cumhurbaskani","category-sayin-cumhurbaskani","tag-cumhurbaskani-el-sara","tag-suriyedeki-son-gelismeler-hakkinda-arap-ve-bolgesel-yetkililerden-telefon-aldi"],"_links":{"self":[{"href":"https:\/\/archive.sana.sy\/tr\/index.php?rest_route=\/wp\/v2\/posts\/325827","targetHints":{"allow":["GET"]}}],"collection":[{"href":"https:\/\/archive.sana.sy\/tr\/index.php?rest_route=\/wp\/v2\/posts"}],"about":[{"href":"https:\/\/archive.sana.sy\/tr\/index.php?rest_route=\/wp\/v2\/types\/post"}],"author":[{"embeddable":true,"href":"https:\/\/archive.sana.sy\/tr\/index.php?rest_route=\/wp\/v2\/users\/44"}],"replies":[{"embeddable":true,"href":"https:\/\/archive.sana.sy\/tr\/index.php?rest_route=%2Fwp%2Fv2%2Fcomments&post=325827"}],"version-history":[{"count":1,"href":"https:\/\/archive.sana.sy\/tr\/index.php?rest_route=\/wp\/v2\/posts\/325827\/revisions"}],"predecessor-version":[{"id":325829,"href":"https:\/\/archive.sana.sy\/tr\/index.php?rest_route=\/wp\/v2\/posts\/325827\/revisions\/325829"}],"wp:featuredmedia":[{"embeddable":true,"href":"https:\/\/archive.sana.sy\/tr\/index.php?rest_route=\/wp\/v2\/media\/325828"}],"wp:attachment":[{"href":"https:\/\/archive.sana.sy\/tr\/index.php?rest_route=%2Fwp%2Fv2%2Fmedia&parent=325827"}],"wp:term":[{"taxonomy":"category","embeddable":true,"href":"https:\/\/archive.sana.sy\/tr\/index.php?rest_route=%2Fwp%2Fv2%2Fcategories&post=325827"},{"taxonomy":"post_tag","embeddable":true,"href":"https:\/\/archive.sana.sy\/tr\/index.php?rest_route=%2Fwp%2Fv2%2Ftags&post=325827"}],"curies":[{"name":"wp","href":"https:\/\/api.w.org\/{rel}","templated":true}]}}