{"id":325830,"date":"2025-07-18T10:57:29","date_gmt":"2025-07-18T07:57:29","guid":{"rendered":"https:\/\/sana.sy\/tr\/?p=325830"},"modified":"2025-07-18T10:57:29","modified_gmt":"2025-07-18T07:57:29","slug":"erdogan-israilin-suriyeye-yonelik-saldirganligi-su-anda-bolgedeki-en-buyuk-sorun","status":"publish","type":"post","link":"https:\/\/archive.sana.sy\/tr\/?p=325830","title":{"rendered":"Erdo\u011fan: \u0130srail&#8217;in Suriye&#8217;ye Y\u00f6nelik Sald\u0131rganl\u0131\u011f\u0131 \u015eu Anda B\u00f6lgedeki En B\u00fcy\u00fck Sorun"},"content":{"rendered":"<p style=\"text-align: justify;\"><span style=\"color: #800000;\"><strong>ANKARA <\/strong><strong>(SANA)<\/strong> &#8211;<\/span> T\u00fcrkiye Cumhurba\u015fkan\u0131 Recep Tayyip Erdo\u011fan, \u00fclkesinin Suriye&#8217;deki t\u00fcm geli\u015fmeleri yak\u0131ndan takip etti\u011fini ve T\u00fcrkiye&#8217;deki ilgili makamlar\u0131n Suriyeli mevkida\u015flar\u0131yla temas halinde oldu\u011funu do\u011frulayarak, \u0130srail&#8217;in Suriye&#8217;ye y\u00f6nelik sald\u0131rganl\u0131\u011f\u0131n\u0131n \u015fu anda b\u00f6lgedeki en b\u00fcy\u00fck sorun oldu\u011funu vurgulad\u0131.<\/p>\n<p style=\"text-align: justify;\">Anadolu Ajans\u0131, Erdo\u011fan&#8217;\u0131n bug\u00fcn haftal\u0131k kabine toplant\u0131s\u0131n\u0131n ard\u0131ndan televizyonda yapt\u0131\u011f\u0131 konu\u015fmada \u015funlar\u0131 s\u00f6yledi\u011fini aktard\u0131: &#8220;\u0130srail, D\u00fcrzileri koruma bahanesiyle son iki g\u00fcnd\u00fcr kom\u015fumuz Suriye&#8217;ye ula\u015fmak i\u00e7in zorbal\u0131k operasyonlar\u0131n\u0131 geni\u015fletti.&#8221;<\/p>\n<p style=\"text-align: justify;\">Erdo\u011fan ayr\u0131ca, &#8220;\u0130srail&#8217;in ipine sar\u0131lanlar, er ya da ge\u00e7 b\u00fcy\u00fck bir hata yapt\u0131klar\u0131n\u0131 anlayacaklar&#8221; diyerek, istikrarl\u0131 bir Suriye&#8217;nin t\u00fcm \u00e7evre \u00fclkeler i\u00e7in istikrar yarataca\u011f\u0131n\u0131, aksi takdirde herkesin y\u00fck\u00fc omuzlayaca\u011f\u0131n\u0131 vurgulad\u0131.<\/p>\n<p style=\"text-align: justify;\">Cumhurba\u015fkan\u0131 Erdo\u011fan, Ankara&#8217;n\u0131n Suriye&#8217;nin b\u00f6l\u00fcnmesine asla ve asla raz\u0131 olmad\u0131\u011f\u0131n\u0131 ve temel politikas\u0131n\u0131n Suriye&#8217;nin toprak b\u00fct\u00fcnl\u00fc\u011f\u00fcn\u00fc ve \u00e7ok k\u00fclt\u00fcrl\u00fc kimli\u011fini korumaya dayand\u0131\u011f\u0131n\u0131 a\u00e7\u0131k\u00e7a belirtirken, \u00fclkesinin d\u0131\u015f politikas\u0131nda, diplomatik \u00e7abalar\u0131nda ve ileti\u015fiminde bar\u0131\u015f ve huzuru savundu\u011funu vurgulad\u0131.<\/p>\n<p style=\"text-align: justify;\">Erdo\u011fan konu\u015fmas\u0131nda da, Suriye&#8217;nin Cumhurba\u015fkan\u0131 Ahmed El \u015eara&#8217;n\u0131n bilge liderli\u011fi sayesinde bu zorluklar\u0131n \u00fcstesinden gelece\u011fini ifade etti.<\/p>\n<p style=\"text-align: justify;\">\n","protected":false},"excerpt":{"rendered":"<p>ANKARA (SANA) &#8211; T\u00fcrkiye Cumhurba\u015fkan\u0131 Recep Tayyip Erdo\u011fan, \u00fclkesinin Suriye&#8217;deki t\u00fcm geli\u015fmeleri yak\u0131ndan takip etti\u011fini ve T\u00fcrkiye&#8217;deki ilgili makamlar\u0131n Suriyeli mevkida\u015flar\u0131yla temas halinde oldu\u011funu do\u011frulayarak, \u0130srail&#8217;in Suriye&#8217;ye y\u00f6nelik sald\u0131rganl\u0131\u011f\u0131n\u0131n \u015fu anda b\u00f6lgedeki en b\u00fcy\u00fck sorun oldu\u011funu vurgulad\u0131. Anadolu Ajans\u0131, Erdo\u011fan&#8217;\u0131n bug\u00fcn haftal\u0131k kabine toplant\u0131s\u0131n\u0131n ard\u0131ndan televizyonda yapt\u0131\u011f\u0131 konu\u015fmada \u015funlar\u0131 s\u00f6yledi\u011fini aktard\u0131: &#8220;\u0130srail, D\u00fcrzileri koruma bahanesiyle &hellip;<\/p>\n","protected":false},"author":44,"featured_media":325831,"comment_status":"closed","ping_status":"closed","sticky":false,"template":"","format":"standard","meta":{"footnotes":""},"categories":[589,17988,2554,2555],"tags":[44064],"class_list":["post-325830","post","type-post","status-publish","format-standard","has-post-thumbnail","","category-haber-seridi","category-son-haberler","category-suriye-ve-dunya","category-suriye-ve-turkiye","tag-erdogan-israilin-suriyeye-yonelik-saldirganligi-su-anda-bolgedeki-en-buyuk-sorun"],"_links":{"self":[{"href":"https:\/\/archive.sana.sy\/tr\/index.php?rest_route=\/wp\/v2\/posts\/325830","targetHints":{"allow":["GET"]}}],"collection":[{"href":"https:\/\/archive.sana.sy\/tr\/index.php?rest_route=\/wp\/v2\/posts"}],"about":[{"href":"https:\/\/archive.sana.sy\/tr\/index.php?rest_route=\/wp\/v2\/types\/post"}],"author":[{"embeddable":true,"href":"https:\/\/archive.sana.sy\/tr\/index.php?rest_route=\/wp\/v2\/users\/44"}],"replies":[{"embeddable":true,"href":"https:\/\/archive.sana.sy\/tr\/index.php?rest_route=%2Fwp%2Fv2%2Fcomments&post=325830"}],"version-history":[{"count":1,"href":"https:\/\/archive.sana.sy\/tr\/index.php?rest_route=\/wp\/v2\/posts\/325830\/revisions"}],"predecessor-version":[{"id":325832,"href":"https:\/\/archive.sana.sy\/tr\/index.php?rest_route=\/wp\/v2\/posts\/325830\/revisions\/325832"}],"wp:featuredmedia":[{"embeddable":true,"href":"https:\/\/archive.sana.sy\/tr\/index.php?rest_route=\/wp\/v2\/media\/325831"}],"wp:attachment":[{"href":"https:\/\/archive.sana.sy\/tr\/index.php?rest_route=%2Fwp%2Fv2%2Fmedia&parent=325830"}],"wp:term":[{"taxonomy":"category","embeddable":true,"href":"https:\/\/archive.sana.sy\/tr\/index.php?rest_route=%2Fwp%2Fv2%2Fcategories&post=325830"},{"taxonomy":"post_tag","embeddable":true,"href":"https:\/\/archive.sana.sy\/tr\/index.php?rest_route=%2Fwp%2Fv2%2Ftags&post=325830"}],"curies":[{"name":"wp","href":"https:\/\/api.w.org\/{rel}","templated":true}]}}