{"id":325833,"date":"2025-07-18T11:02:56","date_gmt":"2025-07-18T08:02:56","guid":{"rendered":"https:\/\/sana.sy\/tr\/?p=325833"},"modified":"2025-07-19T09:17:13","modified_gmt":"2025-07-19T06:17:13","slug":"suriye-cumhurbaskanligi-ulkede-daha-fazla-gerilimi-onlemek-amaciyla-suveydadan-askeri-birlikler-cekildi","status":"publish","type":"post","link":"https:\/\/archive.sana.sy\/tr\/?p=325833","title":{"rendered":"Suriye Cumhurba\u015fkanl\u0131\u011f\u0131: \u00dclkede Daha Fazla Gerilimi \u00d6nlemek Amac\u0131yla S\u00fcveyda&#8217;dan Askeri Birlikler \u00c7ekildi"},"content":{"rendered":"<p style=\"text-align: justify;\"><strong><span style=\"color: #800000;\">\u015eAM (SANA) &#8211;<\/span><\/strong> Suriye Arap Cumhuriyeti Cumhurba\u015fkanl\u0131\u011f\u0131, devletin \u00fclkeyi daha fazla gerilimden uzak tutma y\u00f6n\u00fcndeki hassasiyeti \u00e7er\u00e7evesinde ve d\u00fcn ak\u015fam ger\u00e7ekle\u015ftirilen Arap-Amerikan arabuluculu\u011funa yan\u0131t olarak, Suriye liderli\u011finin S\u00fcveyda&#8217;daki askeri birlikleri kendi mevzilerine \u00e7ekme karar\u0131 ald\u0131\u011f\u0131n\u0131 bildirdi. Bu ad\u0131m\u0131n, S\u00fcveyda ilinde s\u00fckunetin sa\u011flanmas\u0131 y\u00f6n\u00fcndeki \u00e7abalara f\u0131rsat tan\u0131mak amac\u0131yla ve yasa d\u0131\u015f\u0131 silahl\u0131 g\u00fc\u00e7lerin sivillere y\u00f6nelik intikam veya \u015fiddet eylemlerine ba\u015fvurmama taahh\u00fcd\u00fcn\u00fc i\u00e7eren a\u00e7\u0131k bir mutabakat temelinde at\u0131ld\u0131\u011f\u0131 ifade edildi.<\/p>\n<p style=\"text-align: justify;\">Cumhurba\u015fkanl\u0131\u011f\u0131 yapt\u0131\u011f\u0131 a\u00e7\u0131klamada, s\u00f6z konusu mutabakat\u0131n daha sonra a\u00e7\u0131k bir \u015fekilde ihlal edildi\u011fini, bu yasa d\u0131\u015f\u0131 g\u00fc\u00e7lerin d\u00fcnya kamuoyunun da belgeledi\u011fi korkun\u00e7 bir \u015fiddet s\u00fcreci ba\u015flatt\u0131\u011f\u0131n\u0131 ve bunun, arabuluculuk \u00e7er\u00e7evesindeki t\u00fcm taahh\u00fctlerle \u00e7eli\u015fen, toplumsal bar\u0131\u015f\u0131 do\u011frudan tehdit eden ve g\u00fcvenlik kaosunu k\u00f6r\u00fckleyen bir geli\u015fme oldu\u011funu belirtti.<\/p>\n<p style=\"text-align: justify;\">A\u00e7\u0131klamada \u015fu ifadeler yer ald\u0131: &#8220;Suriye devleti, t\u00fcm taraflar\u0131 s\u00fckunete ve itidale \u00e7a\u011f\u0131r\u0131rken, devlet kurumlar\u0131n\u0131n egemenli\u011fini tesis etmesine ve hukuku uygulamas\u0131na olanak tan\u0131nmas\u0131n\u0131n gereklili\u011fini vurgular. Ayr\u0131ca kim olursa olsun, su\u00e7lara kar\u0131\u015fan ve yasalar\u0131 ihlal eden herkesin hesap verece\u011fini taahh\u00fct eder.&#8221;<\/p>\n<p style=\"text-align: justify;\">Suriye Cumhurba\u015fkanl\u0131\u011f\u0131 a\u00e7\u0131klamas\u0131n\u0131n devam\u0131nda, devletin t\u00fcm Suriyelilerin, mezhep ve etnik k\u00f6ken fark etmeksizin, korunmas\u0131na y\u00f6nelik kararl\u0131l\u0131\u011f\u0131n\u0131 yineledi\u011fini ve uluslararas\u0131 topluma, istikrar\u0131n yeniden sa\u011flanmas\u0131, kontrols\u00fcz silahlar\u0131n denetim alt\u0131na al\u0131nmas\u0131 ve hukukun \u00fclke genelinde uygulanmas\u0131 y\u00f6n\u00fcndeki \u00e7abalara destek verme \u00e7a\u011fr\u0131s\u0131nda bulundu\u011funu ifade etti. Ayr\u0131ca, \u0130srail\u2019in Suriye&#8217;nin i\u00e7 i\u015flerine y\u00f6nelik pervas\u0131z m\u00fcdahalelerinin sadece kaos ve y\u0131k\u0131m\u0131 art\u0131rd\u0131\u011f\u0131na ve b\u00f6lgesel durumu daha da karma\u015f\u0131k hale getirdi\u011fine dikkat \u00e7ekildi.<\/p>\n<p style=\"text-align: justify;\">A\u00e7\u0131klama \u015fu ifadelerle sona erdi: &#8220;Suriye\u2019nin korunmas\u0131, birli\u011fi ve halk\u0131n\u0131n g\u00fcvenli\u011fi devletin sorumlulu\u011fundad\u0131r. Suriye h\u00fck\u00fcmeti, vatanda\u015flar\u0131n\u0131 korumak ve onurlar\u0131n\u0131 savunmak i\u00e7in gerekli t\u00fcm ad\u0131mlar\u0131 atmaktan geri durmayacak, toplumsal bar\u0131\u015fa ve ulusal egemenli\u011fe y\u00f6nelik hi\u00e7bir tehdide g\u00f6z yummayacakt\u0131r.&#8221;<\/p>\n<p style=\"text-align: justify;\">\n","protected":false},"excerpt":{"rendered":"<p>\u015eAM (SANA) &#8211; Suriye Arap Cumhuriyeti Cumhurba\u015fkanl\u0131\u011f\u0131, devletin \u00fclkeyi daha fazla gerilimden uzak tutma y\u00f6n\u00fcndeki hassasiyeti \u00e7er\u00e7evesinde ve d\u00fcn ak\u015fam ger\u00e7ekle\u015ftirilen Arap-Amerikan arabuluculu\u011funa yan\u0131t olarak, Suriye liderli\u011finin S\u00fcveyda&#8217;daki askeri birlikleri kendi mevzilerine \u00e7ekme karar\u0131 ald\u0131\u011f\u0131n\u0131 bildirdi. Bu ad\u0131m\u0131n, S\u00fcveyda ilinde s\u00fckunetin sa\u011flanmas\u0131 y\u00f6n\u00fcndeki \u00e7abalara f\u0131rsat tan\u0131mak amac\u0131yla ve yasa d\u0131\u015f\u0131 silahl\u0131 g\u00fc\u00e7lerin sivillere y\u00f6nelik intikam &hellip;<\/p>\n","protected":false},"author":44,"featured_media":325834,"comment_status":"closed","ping_status":"closed","sticky":false,"template":"","format":"standard","meta":{"footnotes":""},"categories":[479,478],"tags":[44065],"class_list":["post-325833","post","type-post","status-publish","format-standard","has-post-thumbnail","","category-haberler-yerel","category-yerel","tag-suriye-cumhurbaskanligi-ulkede-daha-fazla-gerilimi-onlemek-amaciyla-suveydadan-askeri-birlikler-cekildi"],"_links":{"self":[{"href":"https:\/\/archive.sana.sy\/tr\/index.php?rest_route=\/wp\/v2\/posts\/325833","targetHints":{"allow":["GET"]}}],"collection":[{"href":"https:\/\/archive.sana.sy\/tr\/index.php?rest_route=\/wp\/v2\/posts"}],"about":[{"href":"https:\/\/archive.sana.sy\/tr\/index.php?rest_route=\/wp\/v2\/types\/post"}],"author":[{"embeddable":true,"href":"https:\/\/archive.sana.sy\/tr\/index.php?rest_route=\/wp\/v2\/users\/44"}],"replies":[{"embeddable":true,"href":"https:\/\/archive.sana.sy\/tr\/index.php?rest_route=%2Fwp%2Fv2%2Fcomments&post=325833"}],"version-history":[{"count":1,"href":"https:\/\/archive.sana.sy\/tr\/index.php?rest_route=\/wp\/v2\/posts\/325833\/revisions"}],"predecessor-version":[{"id":325835,"href":"https:\/\/archive.sana.sy\/tr\/index.php?rest_route=\/wp\/v2\/posts\/325833\/revisions\/325835"}],"wp:featuredmedia":[{"embeddable":true,"href":"https:\/\/archive.sana.sy\/tr\/index.php?rest_route=\/wp\/v2\/media\/325834"}],"wp:attachment":[{"href":"https:\/\/archive.sana.sy\/tr\/index.php?rest_route=%2Fwp%2Fv2%2Fmedia&parent=325833"}],"wp:term":[{"taxonomy":"category","embeddable":true,"href":"https:\/\/archive.sana.sy\/tr\/index.php?rest_route=%2Fwp%2Fv2%2Fcategories&post=325833"},{"taxonomy":"post_tag","embeddable":true,"href":"https:\/\/archive.sana.sy\/tr\/index.php?rest_route=%2Fwp%2Fv2%2Ftags&post=325833"}],"curies":[{"name":"wp","href":"https:\/\/api.w.org\/{rel}","templated":true}]}}