{"id":325836,"date":"2025-07-18T11:07:39","date_gmt":"2025-07-18T08:07:39","guid":{"rendered":"https:\/\/sana.sy\/tr\/?p=325836"},"modified":"2025-07-18T11:07:39","modified_gmt":"2025-07-18T08:07:39","slug":"suudi-disisleri-bakani-abdli-mevkidasina-israilin-suriyeye-yonelik-saldirilari-durdurulmali","status":"publish","type":"post","link":"https:\/\/archive.sana.sy\/tr\/?p=325836","title":{"rendered":"Suudi D\u0131\u015fi\u015fleri Bakan\u0131 ABD&#8217;li Mevkida\u015f\u0131na: \u0130srail&#8217;in Suriye&#8217;ye Y\u00f6nelik Sald\u0131r\u0131lar\u0131 Durdurulmal\u0131"},"content":{"rendered":"<p style=\"text-align: justify;\"><span style=\"color: #800000;\"><strong>\u015eAM (SANA) &#8211;<\/strong> <\/span>Suudi D\u0131\u015fi\u015fleri Bakan\u0131 Prens Faysal bin Ferhan bin Abdullah, ABD&#8217;li mevkida\u015f\u0131 Marco Rubio ile yapt\u0131\u011f\u0131 telefon g\u00f6r\u00fc\u015fmesinde, Krall\u0131\u011f\u0131n \u0130srail&#8217;in Suriye&#8217;ye y\u00f6nelik sald\u0131r\u0131lar\u0131n\u0131 ve i\u00e7i\u015flerine m\u00fcdahalesini k\u0131nad\u0131\u011f\u0131n\u0131 yineledi.<\/p>\n<p style=\"text-align: justify;\">Suudi Arabistan Haber Ajans\u0131 (SPA), Bakan bin Ferhan&#8217;\u0131n Suriye&#8217;nin ba\u011f\u0131ms\u0131zl\u0131\u011f\u0131na ve egemenli\u011fine sayg\u0131 g\u00f6sterilmesinin \u00f6nemini, \u0130srail&#8217;in topraklar\u0131na y\u00f6nelik sald\u0131r\u0131lar\u0131n\u0131n durdurulmas\u0131 gerekti\u011fini ve Suriye h\u00fck\u00fcmetinin g\u00fcvenli\u011fi sa\u011flama ve topraklar\u0131 genelinde hukukun \u00fcst\u00fcnl\u00fc\u011f\u00fcn\u00fc tesis etme, Suriye&#8217;nin birli\u011fini koruma ve i\u00e7 bar\u0131\u015f\u0131 sa\u011flama \u00e7abalar\u0131n\u0131 desteklemek i\u00e7in ortak \u00e7aba g\u00f6sterilmesi gerekti\u011fini vurgulad\u0131\u011f\u0131n\u0131 bildirdi.<\/p>\n<p style=\"text-align: justify;\">Ajans ayr\u0131ca, Suudi D\u0131\u015fi\u015fleri Bakan\u0131&#8217;n\u0131n g\u00f6r\u00fc\u015fmede, ABD&#8217;nin Suriye&#8217;nin g\u00fcvenli\u011fini ve istikrar\u0131n\u0131 destekleme \u00e7abalar\u0131n\u0131 \u00f6vd\u00fc\u011f\u00fcn\u00fc kaydetti.<\/p>\n","protected":false},"excerpt":{"rendered":"<p>\u015eAM (SANA) &#8211; Suudi D\u0131\u015fi\u015fleri Bakan\u0131 Prens Faysal bin Ferhan bin Abdullah, ABD&#8217;li mevkida\u015f\u0131 Marco Rubio ile yapt\u0131\u011f\u0131 telefon g\u00f6r\u00fc\u015fmesinde, Krall\u0131\u011f\u0131n \u0130srail&#8217;in Suriye&#8217;ye y\u00f6nelik sald\u0131r\u0131lar\u0131n\u0131 ve i\u00e7i\u015flerine m\u00fcdahalesini k\u0131nad\u0131\u011f\u0131n\u0131 yineledi. Suudi Arabistan Haber Ajans\u0131 (SPA), Bakan bin Ferhan&#8217;\u0131n Suriye&#8217;nin ba\u011f\u0131ms\u0131zl\u0131\u011f\u0131na ve egemenli\u011fine sayg\u0131 g\u00f6sterilmesinin \u00f6nemini, \u0130srail&#8217;in topraklar\u0131na y\u00f6nelik sald\u0131r\u0131lar\u0131n\u0131n durdurulmas\u0131 gerekti\u011fini ve Suriye h\u00fck\u00fcmetinin g\u00fcvenli\u011fi &hellip;<\/p>\n","protected":false},"author":44,"featured_media":325837,"comment_status":"closed","ping_status":"closed","sticky":false,"template":"","format":"standard","meta":{"footnotes":""},"categories":[589,479,17988,478],"tags":[44066],"class_list":["post-325836","post","type-post","status-publish","format-standard","has-post-thumbnail","","category-haber-seridi","category-haberler-yerel","category-son-haberler","category-yerel","tag-suudi-disisleri-bakani-abdli-mevkidasina-israilin-suriyeye-yonelik-saldirilari-durdurulmali"],"_links":{"self":[{"href":"https:\/\/archive.sana.sy\/tr\/index.php?rest_route=\/wp\/v2\/posts\/325836","targetHints":{"allow":["GET"]}}],"collection":[{"href":"https:\/\/archive.sana.sy\/tr\/index.php?rest_route=\/wp\/v2\/posts"}],"about":[{"href":"https:\/\/archive.sana.sy\/tr\/index.php?rest_route=\/wp\/v2\/types\/post"}],"author":[{"embeddable":true,"href":"https:\/\/archive.sana.sy\/tr\/index.php?rest_route=\/wp\/v2\/users\/44"}],"replies":[{"embeddable":true,"href":"https:\/\/archive.sana.sy\/tr\/index.php?rest_route=%2Fwp%2Fv2%2Fcomments&post=325836"}],"version-history":[{"count":1,"href":"https:\/\/archive.sana.sy\/tr\/index.php?rest_route=\/wp\/v2\/posts\/325836\/revisions"}],"predecessor-version":[{"id":325838,"href":"https:\/\/archive.sana.sy\/tr\/index.php?rest_route=\/wp\/v2\/posts\/325836\/revisions\/325838"}],"wp:featuredmedia":[{"embeddable":true,"href":"https:\/\/archive.sana.sy\/tr\/index.php?rest_route=\/wp\/v2\/media\/325837"}],"wp:attachment":[{"href":"https:\/\/archive.sana.sy\/tr\/index.php?rest_route=%2Fwp%2Fv2%2Fmedia&parent=325836"}],"wp:term":[{"taxonomy":"category","embeddable":true,"href":"https:\/\/archive.sana.sy\/tr\/index.php?rest_route=%2Fwp%2Fv2%2Fcategories&post=325836"},{"taxonomy":"post_tag","embeddable":true,"href":"https:\/\/archive.sana.sy\/tr\/index.php?rest_route=%2Fwp%2Fv2%2Ftags&post=325836"}],"curies":[{"name":"wp","href":"https:\/\/api.w.org\/{rel}","templated":true}]}}