{"id":325839,"date":"2025-07-18T05:20:49","date_gmt":"2025-07-18T02:20:49","guid":{"rendered":"https:\/\/sana.sy\/tr\/?p=325839"},"modified":"2025-07-18T11:48:35","modified_gmt":"2025-07-18T08:48:35","slug":"el-dahhak-israil-saldirilari-suriye-devletinin-guvenlik-ve-istikrari-saglama-cabalarini-engelliyor","status":"publish","type":"post","link":"https:\/\/archive.sana.sy\/tr\/?p=325839","title":{"rendered":"El Dahhak: \u0130srail Sald\u0131r\u0131lar\u0131, Suriye Devletinin G\u00fcvenlik Ve Istikrar\u0131 Sa\u011flama \u00c7abalar\u0131n\u0131 Engelliyor"},"content":{"rendered":"<p style=\"text-align: justify;\"><span style=\"color: #800000;\"><strong>NEW YORK <\/strong><strong>(SANA)<\/strong> &#8211;<\/span> Suriye&#8217;nin Birle\u015fmi\u015f Milletler Daimi Temsilcisi Kusay El Dahhak&#8217;\u0131n, Suriye&#8217;deki durumla ilgili acil G\u00fcvenlik Konseyi oturumunda yapt\u0131\u011f\u0131 konu\u015fman\u0131n \u00f6ne \u00e7\u0131kanlar\u0131:<\/p>\n<ul>\n<li style=\"text-align: justify;\">Suriye Arap Cumhuriyeti, \u0130srail&#8217;in topraklar\u0131na y\u00f6nelik sald\u0131r\u0131lar\u0131n\u0131 k\u0131n\u0131yor ve bu uygulamalar\u0131n, kendisini \u00e7at\u0131\u015fma alan\u0131na \u00e7ekmeyi ama\u00e7layan sistematik ihlallerden ba\u015fka bir \u015fey olmad\u0131\u011f\u0131n\u0131 teyit ediyor.<\/li>\n<li style=\"text-align: justify;\">\u0130srail sald\u0131r\u0131lar\u0131, do\u011frudan Suriye devletinin g\u00fcvenlik ve istikrar\u0131 sa\u011flama \u00e7abalar\u0131n\u0131 istikrars\u0131zla\u015ft\u0131rmay\u0131 ve engellemeyi ama\u00e7l\u0131yor.<\/li>\n<li style=\"text-align: justify;\">Suriye liderli\u011fi, durumu en \u00fcst d\u00fczeyde bilgelikle ele alm\u0131\u015f ve isabetli, egemen kararlar alm\u0131\u015ft\u0131r.<\/li>\n<li style=\"text-align: justify;\">\u0130srail&#8217;in Suriye&#8217;ye y\u00f6nelik sald\u0131r\u0131lar\u0131, uluslararas\u0131 hukukun ve bir BM \u00fcye devletinin egemenli\u011finin a\u00e7\u0131k bir ihlalidir.<\/li>\n<li style=\"text-align: justify;\">Suriye liderli\u011fi, \u00fclkenin en y\u00fcksek ulusal \u00e7\u0131karlar\u0131n\u0131 korumay\u0131 ve \u00fclkenin birli\u011fini ve toprak b\u00fct\u00fcnl\u00fc\u011f\u00fcn\u00fc sa\u011flamay\u0131 ama\u00e7layan kararlar alm\u0131\u015ft\u0131r.<\/li>\n<li style=\"text-align: justify;\">\u0130srail sald\u0131r\u0131lar\u0131n\u0131 k\u0131namak ve bunlara kar\u015f\u0131 koymak, BM \u015eart\u0131 uyar\u0131nca kolektif bir sorumluluktur.<\/li>\n<li style=\"text-align: justify;\">Suriye, kendi topraklar\u0131nda ve t\u00fcm b\u00f6lgede g\u00fcvenlik ve istikrar\u0131 sa\u011flamay\u0131 hedefledi\u011fini teyit etmektedir.<\/li>\n<li style=\"text-align: justify;\">\u0130srail&#8217;in bombard\u0131man\u0131, OPCW ekiplerinin Suriye&#8217;ye planlanan ziyaretini aksatt\u0131.<\/li>\n<li style=\"text-align: justify;\">Suriyeliler ter\u00f6rizmi, nefreti, \u015fiddet k\u0131\u015fk\u0131rtmas\u0131n\u0131 ve ulusal birliklerini zedeleyecek her \u015feyi reddederler.<\/li>\n<\/ul>\n","protected":false},"excerpt":{"rendered":"<p>NEW YORK (SANA) &#8211; Suriye&#8217;nin Birle\u015fmi\u015f Milletler Daimi Temsilcisi Kusay El Dahhak&#8217;\u0131n, Suriye&#8217;deki durumla ilgili acil G\u00fcvenlik Konseyi oturumunda yapt\u0131\u011f\u0131 konu\u015fman\u0131n \u00f6ne \u00e7\u0131kanlar\u0131: Suriye Arap Cumhuriyeti, \u0130srail&#8217;in topraklar\u0131na y\u00f6nelik sald\u0131r\u0131lar\u0131n\u0131 k\u0131n\u0131yor ve bu uygulamalar\u0131n, kendisini \u00e7at\u0131\u015fma alan\u0131na \u00e7ekmeyi ama\u00e7layan sistematik ihlallerden ba\u015fka bir \u015fey olmad\u0131\u011f\u0131n\u0131 teyit ediyor. \u0130srail sald\u0131r\u0131lar\u0131, do\u011frudan Suriye devletinin g\u00fcvenlik ve istikrar\u0131 &hellip;<\/p>\n","protected":false},"author":44,"featured_media":325840,"comment_status":"closed","ping_status":"closed","sticky":false,"template":"","format":"standard","meta":{"footnotes":""},"categories":[458,589,459,17988],"tags":[44067,44068],"class_list":["post-325839","post","type-post","status-publish","format-standard","has-post-thumbnail","","category-dunya1","category-haber-seridi","category-haberler-arap-uluslararasi-politika","category-son-haberler","tag-el-dahhak-israil-saldirilari","tag-suriye-devletinin-guvenlik-ve-istikrari-saglama-cabalarini-engelliyor"],"_links":{"self":[{"href":"https:\/\/archive.sana.sy\/tr\/index.php?rest_route=\/wp\/v2\/posts\/325839","targetHints":{"allow":["GET"]}}],"collection":[{"href":"https:\/\/archive.sana.sy\/tr\/index.php?rest_route=\/wp\/v2\/posts"}],"about":[{"href":"https:\/\/archive.sana.sy\/tr\/index.php?rest_route=\/wp\/v2\/types\/post"}],"author":[{"embeddable":true,"href":"https:\/\/archive.sana.sy\/tr\/index.php?rest_route=\/wp\/v2\/users\/44"}],"replies":[{"embeddable":true,"href":"https:\/\/archive.sana.sy\/tr\/index.php?rest_route=%2Fwp%2Fv2%2Fcomments&post=325839"}],"version-history":[{"count":1,"href":"https:\/\/archive.sana.sy\/tr\/index.php?rest_route=\/wp\/v2\/posts\/325839\/revisions"}],"predecessor-version":[{"id":325841,"href":"https:\/\/archive.sana.sy\/tr\/index.php?rest_route=\/wp\/v2\/posts\/325839\/revisions\/325841"}],"wp:featuredmedia":[{"embeddable":true,"href":"https:\/\/archive.sana.sy\/tr\/index.php?rest_route=\/wp\/v2\/media\/325840"}],"wp:attachment":[{"href":"https:\/\/archive.sana.sy\/tr\/index.php?rest_route=%2Fwp%2Fv2%2Fmedia&parent=325839"}],"wp:term":[{"taxonomy":"category","embeddable":true,"href":"https:\/\/archive.sana.sy\/tr\/index.php?rest_route=%2Fwp%2Fv2%2Fcategories&post=325839"},{"taxonomy":"post_tag","embeddable":true,"href":"https:\/\/archive.sana.sy\/tr\/index.php?rest_route=%2Fwp%2Fv2%2Ftags&post=325839"}],"curies":[{"name":"wp","href":"https:\/\/api.w.org\/{rel}","templated":true}]}}