{"id":325842,"date":"2025-07-18T11:54:01","date_gmt":"2025-07-18T08:54:01","guid":{"rendered":"https:\/\/sana.sy\/tr\/?p=325842"},"modified":"2025-07-18T12:11:48","modified_gmt":"2025-07-18T09:11:48","slug":"malezyadan-israile-sert-kinama-suriyeye-yonelik-saldirilar-uluslararasi-hukukun-ihlalidir","status":"publish","type":"post","link":"https:\/\/archive.sana.sy\/tr\/?p=325842","title":{"rendered":"Malezya&#8217;dan \u0130srail&#8217;e Sert K\u0131nama: Suriye&#8217;ye Y\u00f6nelik Sald\u0131r\u0131lar Uluslararas\u0131 Hukukun \u0130hlalidir"},"content":{"rendered":"<p style=\"text-align: justify;\"><span style=\"color: #800000;\"><strong>KUALA LUMPUR (SANA) \u2013<\/strong><\/span> Malezya, \u0130srail\u2019in Suriye topraklar\u0131na d\u00fczenledi\u011fi hava sald\u0131r\u0131lar\u0131n\u0131 sert bir dille k\u0131nad\u0131. Malezya D\u0131\u015fi\u015fleri Bakanl\u0131\u011f\u0131 taraf\u0131ndan yap\u0131lan a\u00e7\u0131klamada, bu sald\u0131r\u0131lar\u0131n Suriye&#8217;nin egemenli\u011fine a\u00e7\u0131k bir sald\u0131r\u0131 ve uluslararas\u0131 insanc\u0131l hukuk ile Birle\u015fmi\u015f Milletler \u015eart\u0131\u2019n\u0131n ihlali oldu\u011fu vurguland\u0131.<\/p>\n<p style=\"text-align: justify;\">A\u00e7\u0131klamada, uluslararas\u0131 toplum \u0130srail\u2019in benzer sald\u0131r\u0131lar\u0131na kar\u015f\u0131 sessiz kalmamaya \u00e7a\u011fr\u0131l\u0131rken, bu t\u00fcr eylemlerin b\u00f6lgesel ve k\u00fcresel bar\u0131\u015f\u0131 tehdit etti\u011fi belirtildi. Bakanl\u0131k ayr\u0131ca BM G\u00fcvenlik Konseyi\u2019ni sorumluluklar\u0131n\u0131 yerine getirmeye ve b\u00f6lgede bar\u0131\u015f ile istikrar\u0131n sa\u011flanmas\u0131na katk\u0131 sunmaya davet etti.<\/p>\n<p style=\"text-align: justify;\">Malezya Ba\u015fbakan\u0131 Enver \u0130brahim de yapt\u0131\u011f\u0131 a\u00e7\u0131klamada, \u0130srail\u2019in \u015eam\u2019a y\u00f6nelik sald\u0131r\u0131lar\u0131n\u0131n 1974 tarihli Kuvvetlerin Ayr\u0131lmas\u0131 Anla\u015fmas\u0131\u2019n\u0131 ihlal etti\u011fini belirterek, uluslararas\u0131 hukuka ayk\u0131r\u0131 oldu\u011funu ifade etti.<\/p>\n<p style=\"text-align: justify;\">Malezya, Suriye halk\u0131n\u0131n yan\u0131nda oldu\u011funu yineleyerek, insanl\u0131k de\u011ferlerine ve hukukun \u00fcst\u00fcnl\u00fc\u011f\u00fcne sayg\u0131 \u00e7a\u011fr\u0131s\u0131nda bulundu.<\/p>\n","protected":false},"excerpt":{"rendered":"<p>KUALA LUMPUR (SANA) \u2013 Malezya, \u0130srail\u2019in Suriye topraklar\u0131na d\u00fczenledi\u011fi hava sald\u0131r\u0131lar\u0131n\u0131 sert bir dille k\u0131nad\u0131. Malezya D\u0131\u015fi\u015fleri Bakanl\u0131\u011f\u0131 taraf\u0131ndan yap\u0131lan a\u00e7\u0131klamada, bu sald\u0131r\u0131lar\u0131n Suriye&#8217;nin egemenli\u011fine a\u00e7\u0131k bir sald\u0131r\u0131 ve uluslararas\u0131 insanc\u0131l hukuk ile Birle\u015fmi\u015f Milletler \u015eart\u0131\u2019n\u0131n ihlali oldu\u011fu vurguland\u0131. A\u00e7\u0131klamada, uluslararas\u0131 toplum \u0130srail\u2019in benzer sald\u0131r\u0131lar\u0131na kar\u015f\u0131 sessiz kalmamaya \u00e7a\u011fr\u0131l\u0131rken, bu t\u00fcr eylemlerin b\u00f6lgesel ve k\u00fcresel &hellip;<\/p>\n","protected":false},"author":44,"featured_media":325843,"comment_status":"closed","ping_status":"closed","sticky":false,"template":"","format":"standard","meta":{"footnotes":""},"categories":[458,589,459,17988],"tags":[44069],"class_list":["post-325842","post","type-post","status-publish","format-standard","has-post-thumbnail","","category-dunya1","category-haber-seridi","category-haberler-arap-uluslararasi-politika","category-son-haberler","tag-malezyadan-israile-sert-kinama-suriyeye-yonelik-saldirilar-uluslararasi-hukukun-ihlalidir"],"_links":{"self":[{"href":"https:\/\/archive.sana.sy\/tr\/index.php?rest_route=\/wp\/v2\/posts\/325842","targetHints":{"allow":["GET"]}}],"collection":[{"href":"https:\/\/archive.sana.sy\/tr\/index.php?rest_route=\/wp\/v2\/posts"}],"about":[{"href":"https:\/\/archive.sana.sy\/tr\/index.php?rest_route=\/wp\/v2\/types\/post"}],"author":[{"embeddable":true,"href":"https:\/\/archive.sana.sy\/tr\/index.php?rest_route=\/wp\/v2\/users\/44"}],"replies":[{"embeddable":true,"href":"https:\/\/archive.sana.sy\/tr\/index.php?rest_route=%2Fwp%2Fv2%2Fcomments&post=325842"}],"version-history":[{"count":1,"href":"https:\/\/archive.sana.sy\/tr\/index.php?rest_route=\/wp\/v2\/posts\/325842\/revisions"}],"predecessor-version":[{"id":325844,"href":"https:\/\/archive.sana.sy\/tr\/index.php?rest_route=\/wp\/v2\/posts\/325842\/revisions\/325844"}],"wp:featuredmedia":[{"embeddable":true,"href":"https:\/\/archive.sana.sy\/tr\/index.php?rest_route=\/wp\/v2\/media\/325843"}],"wp:attachment":[{"href":"https:\/\/archive.sana.sy\/tr\/index.php?rest_route=%2Fwp%2Fv2%2Fmedia&parent=325842"}],"wp:term":[{"taxonomy":"category","embeddable":true,"href":"https:\/\/archive.sana.sy\/tr\/index.php?rest_route=%2Fwp%2Fv2%2Fcategories&post=325842"},{"taxonomy":"post_tag","embeddable":true,"href":"https:\/\/archive.sana.sy\/tr\/index.php?rest_route=%2Fwp%2Fv2%2Ftags&post=325842"}],"curies":[{"name":"wp","href":"https:\/\/api.w.org\/{rel}","templated":true}]}}