{"id":325845,"date":"2025-07-18T12:15:58","date_gmt":"2025-07-18T09:15:58","guid":{"rendered":"https:\/\/sana.sy\/tr\/?p=325845"},"modified":"2025-07-18T12:15:58","modified_gmt":"2025-07-18T09:15:58","slug":"suriye-icisleri-bakanligi-suveydaya-guvenlik-guclerinin-girdigine-dair-haberler-gercegi-yansitmiyor","status":"publish","type":"post","link":"https:\/\/archive.sana.sy\/tr\/?p=325845","title":{"rendered":"Suriye \u0130\u00e7i\u015fleri Bakanl\u0131\u011f\u0131: S\u00fcveyda\u2019ya G\u00fcvenlik G\u00fc\u00e7lerinin Girdi\u011fine Dair Haberler Ger\u00e7e\u011fi Yans\u0131tm\u0131yor"},"content":{"rendered":"<p style=\"text-align: justify;\"><span style=\"color: #800000;\"><strong>\u015eAM (SANA) \u2013<\/strong><\/span> Suriye \u0130\u00e7i\u015fleri Bakanl\u0131\u011f\u0131 S\u00f6zc\u00fcs\u00fc Nureddin El Baba, baz\u0131 medya kurulu\u015flar\u0131nda yer alan &#8220;\u0130\u00e7 G\u00fcvenlik G\u00fc\u00e7leri&#8217;nin S\u00fcveyda vilayetine girdi\u011fi&#8221; y\u00f6n\u00fcndeki haberlerin as\u0131ls\u0131z oldu\u011funu a\u00e7\u0131klad\u0131.<\/p>\n<p style=\"text-align: justify;\">El Baba, yapt\u0131\u011f\u0131 a\u00e7\u0131klamada, s\u00f6z konusu iddialar hakk\u0131nda herhangi bir resm\u00ee a\u00e7\u0131klama yap\u0131lmad\u0131\u011f\u0131n\u0131 belirterek, yay\u0131mlanan haberlerin do\u011frulu\u011funu kesin bir dille reddettiklerini ve kamuoyunu yan\u0131ltan medya organlar\u0131n\u0131 sorumlu tuttuklar\u0131n\u0131 ifade etti.<\/p>\n<p style=\"text-align: justify;\">\u0130\u00e7i\u015fleri Bakanl\u0131\u011f\u0131&#8217;na ba\u011fl\u0131 birimlerin ola\u011fan haz\u0131rl\u0131k durumunda bulundu\u011funu vurgulayan El Baba, \u015fu ana kadar S\u00fcveyda ilinde herhangi bir konu\u015flanma veya g\u00fcvenlik hareketlili\u011fi ya\u015fanmad\u0131\u011f\u0131n\u0131 kaydetti.<\/p>\n","protected":false},"excerpt":{"rendered":"<p>\u015eAM (SANA) \u2013 Suriye \u0130\u00e7i\u015fleri Bakanl\u0131\u011f\u0131 S\u00f6zc\u00fcs\u00fc Nureddin El Baba, baz\u0131 medya kurulu\u015flar\u0131nda yer alan &#8220;\u0130\u00e7 G\u00fcvenlik G\u00fc\u00e7leri&#8217;nin S\u00fcveyda vilayetine girdi\u011fi&#8221; y\u00f6n\u00fcndeki haberlerin as\u0131ls\u0131z oldu\u011funu a\u00e7\u0131klad\u0131. El Baba, yapt\u0131\u011f\u0131 a\u00e7\u0131klamada, s\u00f6z konusu iddialar hakk\u0131nda herhangi bir resm\u00ee a\u00e7\u0131klama yap\u0131lmad\u0131\u011f\u0131n\u0131 belirterek, yay\u0131mlanan haberlerin do\u011frulu\u011funu kesin bir dille reddettiklerini ve kamuoyunu yan\u0131ltan medya organlar\u0131n\u0131 sorumlu tuttuklar\u0131n\u0131 ifade &hellip;<\/p>\n","protected":false},"author":44,"featured_media":325834,"comment_status":"closed","ping_status":"closed","sticky":false,"template":"","format":"standard","meta":{"footnotes":""},"categories":[589,479,17988,478],"tags":[44070],"class_list":["post-325845","post","type-post","status-publish","format-standard","has-post-thumbnail","","category-haber-seridi","category-haberler-yerel","category-son-haberler","category-yerel","tag-suriye-icisleri-bakanligi-suveydaya-guvenlik-guclerinin-girdigine-dair-haberler-gercegi-yansitmiyor"],"_links":{"self":[{"href":"https:\/\/archive.sana.sy\/tr\/index.php?rest_route=\/wp\/v2\/posts\/325845","targetHints":{"allow":["GET"]}}],"collection":[{"href":"https:\/\/archive.sana.sy\/tr\/index.php?rest_route=\/wp\/v2\/posts"}],"about":[{"href":"https:\/\/archive.sana.sy\/tr\/index.php?rest_route=\/wp\/v2\/types\/post"}],"author":[{"embeddable":true,"href":"https:\/\/archive.sana.sy\/tr\/index.php?rest_route=\/wp\/v2\/users\/44"}],"replies":[{"embeddable":true,"href":"https:\/\/archive.sana.sy\/tr\/index.php?rest_route=%2Fwp%2Fv2%2Fcomments&post=325845"}],"version-history":[{"count":1,"href":"https:\/\/archive.sana.sy\/tr\/index.php?rest_route=\/wp\/v2\/posts\/325845\/revisions"}],"predecessor-version":[{"id":325846,"href":"https:\/\/archive.sana.sy\/tr\/index.php?rest_route=\/wp\/v2\/posts\/325845\/revisions\/325846"}],"wp:featuredmedia":[{"embeddable":true,"href":"https:\/\/archive.sana.sy\/tr\/index.php?rest_route=\/wp\/v2\/media\/325834"}],"wp:attachment":[{"href":"https:\/\/archive.sana.sy\/tr\/index.php?rest_route=%2Fwp%2Fv2%2Fmedia&parent=325845"}],"wp:term":[{"taxonomy":"category","embeddable":true,"href":"https:\/\/archive.sana.sy\/tr\/index.php?rest_route=%2Fwp%2Fv2%2Fcategories&post=325845"},{"taxonomy":"post_tag","embeddable":true,"href":"https:\/\/archive.sana.sy\/tr\/index.php?rest_route=%2Fwp%2Fv2%2Ftags&post=325845"}],"curies":[{"name":"wp","href":"https:\/\/api.w.org\/{rel}","templated":true}]}}