{"id":325847,"date":"2025-07-18T15:39:44","date_gmt":"2025-07-18T12:39:44","guid":{"rendered":"https:\/\/sana.sy\/tr\/?p=325847"},"modified":"2025-07-18T15:39:44","modified_gmt":"2025-07-18T12:39:44","slug":"suriye-acil-durum-bakani-suveydada-vatandaslarin-cagrilarina-yanit-vermek-uzere-ortak-operasyon-odasi-kuruldu","status":"publish","type":"post","link":"https:\/\/archive.sana.sy\/tr\/?p=325847","title":{"rendered":"Suriye Acil Durum Bakan\u0131: S\u00fcveyda\u2019da Vatanda\u015flar\u0131n \u00c7a\u011fr\u0131lar\u0131na Yan\u0131t Vermek \u00dczere Ortak Operasyon Odas\u0131 Kuruldu"},"content":{"rendered":"<p style=\"text-align: justify;\"><span style=\"color: #800000;\"><strong>\u015eAM (SANA) \u2013<\/strong><\/span> Suriye Acil Durumlar ve Afet Y\u00f6netimi Bakan\u0131 Raed El Salih, S\u00fcveyda ilinde ya\u015fanan \u00fcz\u00fcc\u00fc geli\u015fmelerin ve zorlu g\u00fcvenlik ve insani ko\u015fullar\u0131n ard\u0131ndan, vatanda\u015flardan gelen \u00e7a\u011fr\u0131lara yan\u0131t vermek amac\u0131yla ortak bir operasyon odas\u0131 kuruldu\u011funu a\u00e7\u0131klad\u0131.<\/p>\n<p style=\"text-align: justify;\">El Salih, X platformundaki payla\u015f\u0131m\u0131nda, s\u00f6z konusu operasyon odas\u0131n\u0131n \u00e7e\u015fitli bakanl\u0131k ve devlet kurumlar\u0131n\u0131n yan\u0131 s\u0131ra Suriye Sivil Savunmas\u0131, yerel insani yard\u0131m kurulu\u015flar\u0131 ve hizmet kurumlar\u0131ndan temsilcileri i\u00e7erdi\u011fini ve bu birimlerin vatanda\u015flara y\u00f6nelik yard\u0131m, tahliye ve sa\u011fl\u0131k hizmetlerini 7\/24 esas\u0131na g\u00f6re s\u00fcrd\u00fcrd\u00fc\u011f\u00fcn\u00fc belirtti.<\/p>\n<p style=\"text-align: justify;\">Bakan, d\u00fcn sabah saatlerinden bu yana 570\u2019ten fazla yaral\u0131n\u0131n tedavi alt\u0131na al\u0131nd\u0131\u011f\u0131n\u0131, 87 hayat\u0131n\u0131 kaybeden ki\u015finin naklinin sa\u011fland\u0131\u011f\u0131n\u0131 ve y\u00fczlerce ailenin daha g\u00fcvenli b\u00f6lgelere tahliye edildi\u011fini ifade etti.<\/p>\n<p style=\"text-align: justify;\">El Salih\u2019e g\u00f6re, bu kapsamda Suriye Sivil Savunmas\u0131na ba\u011fl\u0131 90 e\u011fitimli ve donan\u0131ml\u0131 g\u00f6n\u00fcll\u00fc sahada g\u00f6rev ald\u0131. M\u00fcdahale filosunda 17 ambulans, 22&#8217;den fazla tahliye otob\u00fcs\u00fc, 10 \u00e7e\u015fitli nakil arac\u0131, 6 itfaiye r\u00f6morku ve lojistik destek ara\u00e7lar\u0131 yer ald\u0131. Ayr\u0131ca yard\u0131m \u00e7a\u011fr\u0131lar\u0131n\u0131 izlemek ve ailelerin kendi belirledikleri g\u00fcvenli b\u00f6lgelere veya tahsis edilen bar\u0131nma merkezlerine naklini organize etmek amac\u0131yla i\u00e7 koordinasyon odalar\u0131 da kuruldu.<\/p>\n<p style=\"text-align: justify;\">S\u00fcveyda ili, \u015fu s\u0131ralar Bedevi a\u015firetleri ile Hikmet El-Hicri&#8217;ye ba\u011fl\u0131 silahl\u0131 gruplar aras\u0131nda ya\u015fanan \u00e7at\u0131\u015fmalara sahne oluyor. S\u00f6z konusu gruplar bir\u00e7ok b\u00f6lgeye sald\u0131rarak sivillere y\u00f6nelik katliam ve ihlaller ger\u00e7ekle\u015ftirdi, zorla g\u00f6\u00e7 ettirmelere neden oldu.<\/p>\n","protected":false},"excerpt":{"rendered":"<p>\u015eAM (SANA) \u2013 Suriye Acil Durumlar ve Afet Y\u00f6netimi Bakan\u0131 Raed El Salih, S\u00fcveyda ilinde ya\u015fanan \u00fcz\u00fcc\u00fc geli\u015fmelerin ve zorlu g\u00fcvenlik ve insani ko\u015fullar\u0131n ard\u0131ndan, vatanda\u015flardan gelen \u00e7a\u011fr\u0131lara yan\u0131t vermek amac\u0131yla ortak bir operasyon odas\u0131 kuruldu\u011funu a\u00e7\u0131klad\u0131. El Salih, X platformundaki payla\u015f\u0131m\u0131nda, s\u00f6z konusu operasyon odas\u0131n\u0131n \u00e7e\u015fitli bakanl\u0131k ve devlet kurumlar\u0131n\u0131n yan\u0131 s\u0131ra Suriye Sivil &hellip;<\/p>\n","protected":false},"author":44,"featured_media":325848,"comment_status":"closed","ping_status":"closed","sticky":false,"template":"","format":"standard","meta":{"footnotes":""},"categories":[589,479,17988,478],"tags":[44071],"class_list":["post-325847","post","type-post","status-publish","format-standard","has-post-thumbnail","","category-haber-seridi","category-haberler-yerel","category-son-haberler","category-yerel","tag-suriye-acil-durum-bakani-suveydada-vatandaslarin-cagrilarina-yanit-vermek-uzere-ortak-operasyon-odasi-kuruldu"],"_links":{"self":[{"href":"https:\/\/archive.sana.sy\/tr\/index.php?rest_route=\/wp\/v2\/posts\/325847","targetHints":{"allow":["GET"]}}],"collection":[{"href":"https:\/\/archive.sana.sy\/tr\/index.php?rest_route=\/wp\/v2\/posts"}],"about":[{"href":"https:\/\/archive.sana.sy\/tr\/index.php?rest_route=\/wp\/v2\/types\/post"}],"author":[{"embeddable":true,"href":"https:\/\/archive.sana.sy\/tr\/index.php?rest_route=\/wp\/v2\/users\/44"}],"replies":[{"embeddable":true,"href":"https:\/\/archive.sana.sy\/tr\/index.php?rest_route=%2Fwp%2Fv2%2Fcomments&post=325847"}],"version-history":[{"count":1,"href":"https:\/\/archive.sana.sy\/tr\/index.php?rest_route=\/wp\/v2\/posts\/325847\/revisions"}],"predecessor-version":[{"id":325849,"href":"https:\/\/archive.sana.sy\/tr\/index.php?rest_route=\/wp\/v2\/posts\/325847\/revisions\/325849"}],"wp:featuredmedia":[{"embeddable":true,"href":"https:\/\/archive.sana.sy\/tr\/index.php?rest_route=\/wp\/v2\/media\/325848"}],"wp:attachment":[{"href":"https:\/\/archive.sana.sy\/tr\/index.php?rest_route=%2Fwp%2Fv2%2Fmedia&parent=325847"}],"wp:term":[{"taxonomy":"category","embeddable":true,"href":"https:\/\/archive.sana.sy\/tr\/index.php?rest_route=%2Fwp%2Fv2%2Fcategories&post=325847"},{"taxonomy":"post_tag","embeddable":true,"href":"https:\/\/archive.sana.sy\/tr\/index.php?rest_route=%2Fwp%2Fv2%2Ftags&post=325847"}],"curies":[{"name":"wp","href":"https:\/\/api.w.org\/{rel}","templated":true}]}}