{"id":325875,"date":"2025-07-19T12:32:16","date_gmt":"2025-07-19T09:32:16","guid":{"rendered":"https:\/\/sana.sy\/tr\/?p=325875"},"modified":"2025-07-20T14:21:38","modified_gmt":"2025-07-20T11:21:38","slug":"cumhurbaskani-el-sara-suriye-devletinin-mudahalesi-olmasaydi-suveydadaki-son-olaylar-kontrolden-cikabilirdi","status":"publish","type":"post","link":"https:\/\/archive.sana.sy\/tr\/?p=325875","title":{"rendered":"Cumhurba\u015fkan\u0131 El \u015eara: Suriye Devletinin M\u00fcdahalesi Olmasayd\u0131 S\u00fcveyda&#8217;daki Son Olaylar Kontrolden \u00c7\u0131kabilirdi"},"content":{"rendered":"<p style=\"text-align: justify;\"><span style=\"color: #800000;\"><strong>\u015eAM (SANA) &#8211;<\/strong> <\/span>Suriye Arap Cumhuriyeti Cumhurba\u015fkan\u0131 Say\u0131n Ahmed El \u015eara&#8217;n\u0131n S\u00fcveyda Valili\u011fi&#8217;nde ya\u015fanan son olaylara ili\u015fkin konu\u015fmas\u0131nda dile getirdi\u011fi en \u00f6nemli noktalar \u015funlard\u0131r:<\/p>\n<ul>\n<li style=\"text-align: justify;\">S\u00fcveyda Valili\u011fi&#8217;ndeki son olaylar tehlikeli bir d\u00f6n\u00fcm noktas\u0131 oldu ve Suriye devleti durumu yat\u0131\u015ft\u0131rmak i\u00e7in m\u00fcdahale etmeseydi, bu gruplar aras\u0131ndaki \u015fiddetli \u00e7at\u0131\u015fmalar neredeyse kontrolden \u00e7\u0131kacakt\u0131.<\/li>\n<li style=\"text-align: justify;\">Suriye devleti, zorlu ko\u015fullara ra\u011fmen durumu yat\u0131\u015ft\u0131rmay\u0131 ba\u015fard\u0131, ancak \u0130srail m\u00fcdahalesi, \u015eam&#8217;\u0131n g\u00fcneyini ve h\u00fck\u00fcmet kurumlar\u0131n\u0131 a\u00e7\u0131k\u00e7a bombalayarak \u00fclkeyi istikrar\u0131n\u0131 tehdit eden tehlikeli bir a\u015famaya soktu. Bu olaylar\u0131n ard\u0131ndan, Amerikal\u0131 ve Arap arabulucular durumu yat\u0131\u015ft\u0131rmak i\u00e7in m\u00fcdahale etti.<\/li>\n<li style=\"text-align: justify;\">Devletin baz\u0131 b\u00f6lgelerden \u00e7ekilmesiyle birlikte, S\u00fcveyde&#8217;deki silahl\u0131 gruplar Bedevilere ve ailelerine kar\u015f\u0131 intikam sald\u0131r\u0131lar\u0131 d\u00fczenlemeye ba\u015flad\u0131. \u0130nsan haklar\u0131 ihlalleriyle birlikte gelen bu intikam sald\u0131r\u0131lar\u0131, di\u011fer kabilelerin S\u00fcveyde&#8217;deki Bedevilere y\u00f6nelik ku\u015fatmay\u0131 kald\u0131rmak i\u00e7in ak\u0131n etmesine neden oldu.<\/li>\n<li style=\"text-align: justify;\">Devlet, Suriye&#8217;nin kurtulu\u015fundan sonra S\u00fcveyda&#8217;n\u0131n yan\u0131nda yer ald\u0131 ve onu desteklemeye istekliydi. Ancak baz\u0131lar\u0131 \u015fehri ve ulusal istikrardaki rol\u00fcn\u00fc ele\u015ftirdi.<\/li>\n<li style=\"text-align: justify;\">D\u0131\u015far\u0131dan destek aramak ve baz\u0131 i\u00e7 akt\u00f6rlerin S\u00fcveyda&#8217;y\u0131 uluslararas\u0131 \u00e7at\u0131\u015fmalarda ara\u00e7 olarak kullanmas\u0131 Suriye halk\u0131n\u0131n \u00e7\u0131kar\u0131na de\u011fil, aksine krizi daha da derinle\u015ftiriyor.<\/li>\n<li style=\"text-align: justify;\">Suriye devleti, Suriye topraklar\u0131n\u0131n her k\u00f6\u015fesinde itibar\u0131n\u0131 ve egemenli\u011fini koruyabilen tek devlettir.<\/li>\n<li style=\"text-align: justify;\">Herkesin anlamas\u0131 gereken \u015fey, i\u00e7inde bulundu\u011fumuz bu zor d\u00f6nemin \u00fcstesinden gelmek, \u00fclkemizi ve topraklar\u0131m\u0131z\u0131 korumak i\u00e7in tam bir birli\u011fe ihtiya\u00e7 duyuldu\u011fudur.<\/li>\n<li style=\"text-align: justify;\">Amerika Birle\u015fik Devletleri&#8217;nin, bu zor \u015fartlar alt\u0131nda Suriye&#8217;ye deste\u011fini teyit etmede oynad\u0131\u011f\u0131 \u00f6nemli rolden dolay\u0131 te\u015fekk\u00fcr ediyor ve takdir ediyoruz.<\/li>\n<li style=\"text-align: justify;\">Avrupa Birli\u011fi, Rusya ve \u00c7in, \u0130srail&#8217;in bombalamalar\u0131n\u0131 ve Suriye egemenli\u011finin tekrar tekrar ihlal edilmesini reddetme konusunda g\u00fc\u00e7l\u00fc bir duru\u015f sergilediler.<\/li>\n<li style=\"text-align: justify;\">Bu kadim toplumun tarihini temsil etmeyen pozisyonlara d\u00fc\u015fen k\u00fc\u00e7\u00fck bir grubun eylemleri nedeniyle t\u00fcm D\u00fcrzi toplumunu yarg\u0131lamamal\u0131y\u0131z.<\/li>\n<li style=\"text-align: justify;\">S\u00fcveyda Valili\u011fi, Suriye devletinin ayr\u0131lmaz bir par\u00e7as\u0131 olmaya devam ediyor ve D\u00fcrziler, Suriye ulusal dokusunun temel bir s\u00fctununu olu\u015fturuyor.<\/li>\n<li style=\"text-align: justify;\">Son birka\u00e7 ayda ya\u015fanan olaylar, S\u00fcveyda halk\u0131n\u0131n t\u00fcm mezhepleriyle birlikte devletin yan\u0131nda durdu\u011funu ve b\u00f6l\u00fcnme planlar\u0131n\u0131 reddetti\u011fini kan\u0131tlad\u0131.<\/li>\n<li style=\"text-align: justify;\">Suriye devleti, \u00fclkedeki t\u00fcm az\u0131nl\u0131klar\u0131 ve mezhepleri korumaya kararl\u0131d\u0131r ve t\u00fcm ihlalcileri sorumlu tutmaya devam edecektir.<\/li>\n<li style=\"text-align: justify;\">S\u00fcveyda i\u00e7inde veya d\u0131\u015f\u0131nda i\u015flenen t\u00fcm su\u00e7 ve ihlalleri reddediyor, adaletin sa\u011flanmas\u0131n\u0131n ve kanunun uygulanmas\u0131n\u0131n \u00f6nemini vurguluyoruz.<\/li>\n<li style=\"text-align: justify;\">Bu hassas ko\u015fullarda, ak\u0131l ve hikmetin sesine \u00f6ncelik verilmesi ve ak\u0131ll\u0131 ve sa\u011fduyulu olanlar\u0131n yolunun a\u00e7\u0131lmas\u0131 acil bir ihtiya\u00e7t\u0131r.<\/li>\n<li style=\"text-align: justify;\">Ger\u00e7ekler, Suriye&#8217;nin b\u00f6l\u00fcnme, ayr\u0131l\u0131k\u00e7\u0131l\u0131k veya mezhep\u00e7i k\u0131\u015fk\u0131rtma projelerinin denenece\u011fi bir alan olmad\u0131\u011f\u0131n\u0131 do\u011fruluyor.<\/li>\n<li style=\"text-align: justify;\">Suriye devletinin g\u00fcc\u00fc, halk\u0131n\u0131n birlik ve beraberli\u011finden, b\u00f6lgesel ve uluslararas\u0131 ili\u015fkilerinin g\u00fcc\u00fcnden ve ulusal \u00e7\u0131karlar\u0131n\u0131n birbirine ba\u011fl\u0131l\u0131\u011f\u0131ndan kaynaklanmaktad\u0131r.<\/li>\n<\/ul>\n","protected":false},"excerpt":{"rendered":"<p>\u015eAM (SANA) &#8211; Suriye Arap Cumhuriyeti Cumhurba\u015fkan\u0131 Say\u0131n Ahmed El \u015eara&#8217;n\u0131n S\u00fcveyda Valili\u011fi&#8217;nde ya\u015fanan son olaylara ili\u015fkin konu\u015fmas\u0131nda dile getirdi\u011fi en \u00f6nemli noktalar \u015funlard\u0131r: S\u00fcveyda Valili\u011fi&#8217;ndeki son olaylar tehlikeli bir d\u00f6n\u00fcm noktas\u0131 oldu ve Suriye devleti durumu yat\u0131\u015ft\u0131rmak i\u00e7in m\u00fcdahale etmeseydi, bu gruplar aras\u0131ndaki \u015fiddetli \u00e7at\u0131\u015fmalar neredeyse kontrolden \u00e7\u0131kacakt\u0131. Suriye devleti, zorlu ko\u015fullara ra\u011fmen durumu &hellip;<\/p>\n","protected":false},"author":44,"featured_media":325881,"comment_status":"closed","ping_status":"closed","sticky":false,"template":"","format":"standard","meta":{"footnotes":""},"categories":[479,609,605,17988,478],"tags":[44082],"class_list":["post-325875","post","type-post","status-publish","format-standard","has-post-thumbnail","","category-haberler-yerel","category-konusmalar","category-sayin-cumhurbaskani","category-son-haberler","category-yerel","tag-cumhurbaskani-el-sara-suriye-devletinin-mudahalesi-olmasaydi-suveydadaki-son-olaylar-kontrolden-cikabilirdi"],"_links":{"self":[{"href":"https:\/\/archive.sana.sy\/tr\/index.php?rest_route=\/wp\/v2\/posts\/325875","targetHints":{"allow":["GET"]}}],"collection":[{"href":"https:\/\/archive.sana.sy\/tr\/index.php?rest_route=\/wp\/v2\/posts"}],"about":[{"href":"https:\/\/archive.sana.sy\/tr\/index.php?rest_route=\/wp\/v2\/types\/post"}],"author":[{"embeddable":true,"href":"https:\/\/archive.sana.sy\/tr\/index.php?rest_route=\/wp\/v2\/users\/44"}],"replies":[{"embeddable":true,"href":"https:\/\/archive.sana.sy\/tr\/index.php?rest_route=%2Fwp%2Fv2%2Fcomments&post=325875"}],"version-history":[{"count":1,"href":"https:\/\/archive.sana.sy\/tr\/index.php?rest_route=\/wp\/v2\/posts\/325875\/revisions"}],"predecessor-version":[{"id":325882,"href":"https:\/\/archive.sana.sy\/tr\/index.php?rest_route=\/wp\/v2\/posts\/325875\/revisions\/325882"}],"wp:featuredmedia":[{"embeddable":true,"href":"https:\/\/archive.sana.sy\/tr\/index.php?rest_route=\/wp\/v2\/media\/325881"}],"wp:attachment":[{"href":"https:\/\/archive.sana.sy\/tr\/index.php?rest_route=%2Fwp%2Fv2%2Fmedia&parent=325875"}],"wp:term":[{"taxonomy":"category","embeddable":true,"href":"https:\/\/archive.sana.sy\/tr\/index.php?rest_route=%2Fwp%2Fv2%2Fcategories&post=325875"},{"taxonomy":"post_tag","embeddable":true,"href":"https:\/\/archive.sana.sy\/tr\/index.php?rest_route=%2Fwp%2Fv2%2Ftags&post=325875"}],"curies":[{"name":"wp","href":"https:\/\/api.w.org\/{rel}","templated":true}]}}