{"id":325878,"date":"2025-07-19T12:18:36","date_gmt":"2025-07-19T09:18:36","guid":{"rendered":"https:\/\/sana.sy\/tr\/?p=325878"},"modified":"2025-07-19T12:18:36","modified_gmt":"2025-07-19T09:18:36","slug":"ic-guvenlik-gucleri-suveydadaki-catisma-bolgelerinde-konuslanmaya-basladi","status":"publish","type":"post","link":"https:\/\/archive.sana.sy\/tr\/?p=325878","title":{"rendered":"\u0130\u00e7 G\u00fcvenlik G\u00fc\u00e7leri S\u00fcveyda\u2019daki \u00c7at\u0131\u015fma B\u00f6lgelerinde Konu\u015flanmaya Ba\u015flad\u0131"},"content":{"rendered":"<p style=\"text-align: justify;\" data-start=\"191\" data-end=\"456\"><strong data-start=\"272\" data-end=\"290\">S\u00dcVEYDA (SANA)<\/strong> \u2013 \u0130\u00e7 g\u00fcvenlik g\u00fc\u00e7leri, silahl\u0131 \u00e7etelerin neden oldu\u011fu kanl\u0131 olaylar\u0131n ard\u0131ndan sivilleri korumak ve kaosu sona erdirmek amac\u0131yla S\u00fcveyda ilinde konu\u015flanmaya ba\u015flad\u0131.<\/p>\n<p style=\"text-align: justify;\" data-start=\"458\" data-end=\"731\">Suriye \u0130\u00e7i\u015fleri Bakanl\u0131\u011f\u0131 S\u00f6zc\u00fcs\u00fc Nureddin El Baba, Cumhurba\u015fkanl\u0131\u011f\u0131\u2019n\u0131n do\u011frudan talimat\u0131 do\u011frultusunda, i\u00e7 g\u00fcvenlik g\u00fc\u00e7lerinin ulusal bir g\u00f6rev kapsam\u0131nda S\u00fcveyda\u2019ya sevk edildi\u011fini ve bunun sivilleri koruma ve kamu d\u00fczenini yeniden tesis etme amac\u0131 ta\u015f\u0131d\u0131\u011f\u0131n\u0131 do\u011frulad\u0131.<\/p>\n<p style=\"text-align: justify;\" data-start=\"733\" data-end=\"1051\">El Baba, yapt\u0131\u011f\u0131 a\u00e7\u0131klamada, devletin t\u00fcm siyasi ve g\u00fcvenlik kurumlar\u0131yla S\u00fcveyda\u2019da g\u00fcvenlik ve istikrar\u0131 sa\u011flama y\u00f6n\u00fcndeki \u00e7abalar\u0131n\u0131 s\u00fcrd\u00fcrd\u00fc\u011f\u00fcn\u00fc vurgulad\u0131. G\u00fcvenlik g\u00fc\u00e7lerinin, silahl\u0131 sald\u0131r\u0131lar ve i\u00e7 \u00e7at\u0131\u015fmalar\u0131 sonland\u0131rmak ve vilayette kal\u0131c\u0131 istikrar\u0131 sa\u011flamak i\u00e7in t\u00fcm imkanlar\u0131n\u0131 seferber etti\u011fini belirtti.<\/p>\n<p style=\"text-align: justify;\" data-start=\"1053\" data-end=\"1232\">SANA muhabiri, g\u00fcvenlik g\u00fc\u00e7lerinin \u00e7at\u0131\u015fma b\u00f6lgelerinde konu\u015flanmaya ba\u015flad\u0131\u011f\u0131n\u0131 ve \u015eam-Dera yolu \u00fczerinden S\u00fcveyda\u2019ya y\u00f6nelen ki\u015fi ve konvoylar\u0131n ge\u00e7i\u015fini engelledi\u011fini bildirdi.<\/p>\n<p style=\"text-align: justify;\" data-start=\"1234\" data-end=\"1461\">S\u00fcveyda vilayeti, son g\u00fcnlerde Bedevi a\u015firetleri ile silahl\u0131 gruplar aras\u0131nda meydana gelen \u015fiddetli \u00e7at\u0131\u015fmalara sahne oldu. Bu \u00e7at\u0131\u015fmalar bir\u00e7ok sivilin hayat\u0131n\u0131 kaybetmesine ve \u00e7ok say\u0131da ki\u015finin yerinden edilmesine yol a\u00e7t\u0131.<\/p>\n","protected":false},"excerpt":{"rendered":"<p>S\u00dcVEYDA (SANA) \u2013 \u0130\u00e7 g\u00fcvenlik g\u00fc\u00e7leri, silahl\u0131 \u00e7etelerin neden oldu\u011fu kanl\u0131 olaylar\u0131n ard\u0131ndan sivilleri korumak ve kaosu sona erdirmek amac\u0131yla S\u00fcveyda ilinde konu\u015flanmaya ba\u015flad\u0131. Suriye \u0130\u00e7i\u015fleri Bakanl\u0131\u011f\u0131 S\u00f6zc\u00fcs\u00fc Nureddin El Baba, Cumhurba\u015fkanl\u0131\u011f\u0131\u2019n\u0131n do\u011frudan talimat\u0131 do\u011frultusunda, i\u00e7 g\u00fcvenlik g\u00fc\u00e7lerinin ulusal bir g\u00f6rev kapsam\u0131nda S\u00fcveyda\u2019ya sevk edildi\u011fini ve bunun sivilleri koruma ve kamu d\u00fczenini yeniden tesis etme &hellip;<\/p>\n","protected":false},"author":44,"featured_media":325879,"comment_status":"closed","ping_status":"closed","sticky":false,"template":"","format":"standard","meta":{"footnotes":""},"categories":[589,479,17988,478],"tags":[44081],"class_list":["post-325878","post","type-post","status-publish","format-standard","has-post-thumbnail","","category-haber-seridi","category-haberler-yerel","category-son-haberler","category-yerel","tag-ic-guvenlik-gucleri-suveydadaki-catisma-bolgelerinde-konuslanmaya-basladi"],"_links":{"self":[{"href":"https:\/\/archive.sana.sy\/tr\/index.php?rest_route=\/wp\/v2\/posts\/325878","targetHints":{"allow":["GET"]}}],"collection":[{"href":"https:\/\/archive.sana.sy\/tr\/index.php?rest_route=\/wp\/v2\/posts"}],"about":[{"href":"https:\/\/archive.sana.sy\/tr\/index.php?rest_route=\/wp\/v2\/types\/post"}],"author":[{"embeddable":true,"href":"https:\/\/archive.sana.sy\/tr\/index.php?rest_route=\/wp\/v2\/users\/44"}],"replies":[{"embeddable":true,"href":"https:\/\/archive.sana.sy\/tr\/index.php?rest_route=%2Fwp%2Fv2%2Fcomments&post=325878"}],"version-history":[{"count":1,"href":"https:\/\/archive.sana.sy\/tr\/index.php?rest_route=\/wp\/v2\/posts\/325878\/revisions"}],"predecessor-version":[{"id":325880,"href":"https:\/\/archive.sana.sy\/tr\/index.php?rest_route=\/wp\/v2\/posts\/325878\/revisions\/325880"}],"wp:featuredmedia":[{"embeddable":true,"href":"https:\/\/archive.sana.sy\/tr\/index.php?rest_route=\/wp\/v2\/media\/325879"}],"wp:attachment":[{"href":"https:\/\/archive.sana.sy\/tr\/index.php?rest_route=%2Fwp%2Fv2%2Fmedia&parent=325878"}],"wp:term":[{"taxonomy":"category","embeddable":true,"href":"https:\/\/archive.sana.sy\/tr\/index.php?rest_route=%2Fwp%2Fv2%2Fcategories&post=325878"},{"taxonomy":"post_tag","embeddable":true,"href":"https:\/\/archive.sana.sy\/tr\/index.php?rest_route=%2Fwp%2Fv2%2Ftags&post=325878"}],"curies":[{"name":"wp","href":"https:\/\/api.w.org\/{rel}","templated":true}]}}