{"id":325884,"date":"2025-07-19T12:50:57","date_gmt":"2025-07-19T09:50:57","guid":{"rendered":"https:\/\/sana.sy\/tr\/?p=325884"},"modified":"2025-07-19T12:50:57","modified_gmt":"2025-07-19T09:50:57","slug":"turkiye-disisleri-bakani-israilin-suriyeye-yonelik-saldirilari-bolgesel-baris-cabalarina-zarar-veriyor","status":"publish","type":"post","link":"https:\/\/archive.sana.sy\/tr\/?p=325884","title":{"rendered":"T\u00fcrkiye D\u0131\u015fi\u015fleri Bakan\u0131: \u0130srail&#8217;in Suriye&#8217;ye Y\u00f6nelik Sald\u0131r\u0131lar\u0131 B\u00f6lgesel Bar\u0131\u015f \u00c7abalar\u0131na Zarar Veriyor"},"content":{"rendered":"<p style=\"text-align: justify;\"><span style=\"color: #800000;\"><strong>ANKARA (SANA)<\/strong> \u2013<\/span> T\u00fcrkiye D\u0131\u015fi\u015fleri Bakan\u0131 Hakan Fidan, \u0130srail&#8217;in Suriye topraklar\u0131na y\u00f6nelik sald\u0131r\u0131lar\u0131n\u0131n tekrar\u0131n\u0131n ciddi sonu\u00e7lar do\u011furabilece\u011fi konusunda uyar\u0131da bulundu.<\/p>\n<p style=\"text-align: justify;\">Anadolu Ajans\u0131\u2019n\u0131n haberine g\u00f6re, Fidan, ABD\u2019li mevkida\u015f\u0131 Marco Rubio ile ger\u00e7ekle\u015ftirdi\u011fi telefon g\u00f6r\u00fc\u015fmesinde, Suriye\u2019nin toprak b\u00fct\u00fcnl\u00fc\u011f\u00fcne, birli\u011fine ve egemenli\u011fine y\u00f6nelik her t\u00fcrl\u00fc sald\u0131r\u0131n\u0131n b\u00f6lgesel bar\u0131\u015f \u00e7abalar\u0131na zarar verdi\u011fini belirtti ve \u0130srail\u2019in Suriye topraklar\u0131na y\u00f6nelik m\u00fcdahalelerinin, krizin daha da derinle\u015fmesine neden oldu\u011funu vurgulad\u0131.<\/p>\n<p style=\"text-align: justify;\">Fidan, Suriye&#8217;de en k\u0131sa s\u00fcrede s\u00fck\u00fbnetin sa\u011flanmas\u0131 gerekti\u011finin alt\u0131n\u0131 \u00e7izerek, taraflar aras\u0131nda var\u0131lan mutabakatlar\u0131n hayata ge\u00e7irilmesinin ve Suriye halk\u0131n\u0131n gelece\u011fini in\u015fa etme f\u0131rsat\u0131n\u0131n ka\u00e7\u0131r\u0131lmamas\u0131 gerekti\u011fini ifade etti.<\/p>\n<p style=\"text-align: justify;\">T\u00fcrk Bakan ayr\u0131ca, \u00fclkesinin ABD\u2019nin Suriye\u2019deki yap\u0131c\u0131 rol\u00fcne destek verdi\u011fini belirterek, Ankara\u2019n\u0131n, Suriye\u2019deki gerginli\u011fin kal\u0131c\u0131 \u015fekilde sona erdirilmesi ve ter\u00f6r \u00f6rg\u00fctlerinin g\u00fcneydeki geli\u015fmelerden faydalanmas\u0131n\u0131n \u00f6nlenmesi amac\u0131yla Washington ve di\u011fer \u00fclkelerle i\u015f birli\u011fine haz\u0131r oldu\u011funu kaydetti<\/p>\n","protected":false},"excerpt":{"rendered":"<p>ANKARA (SANA) \u2013 T\u00fcrkiye D\u0131\u015fi\u015fleri Bakan\u0131 Hakan Fidan, \u0130srail&#8217;in Suriye topraklar\u0131na y\u00f6nelik sald\u0131r\u0131lar\u0131n\u0131n tekrar\u0131n\u0131n ciddi sonu\u00e7lar do\u011furabilece\u011fi konusunda uyar\u0131da bulundu. Anadolu Ajans\u0131\u2019n\u0131n haberine g\u00f6re, Fidan, ABD\u2019li mevkida\u015f\u0131 Marco Rubio ile ger\u00e7ekle\u015ftirdi\u011fi telefon g\u00f6r\u00fc\u015fmesinde, Suriye\u2019nin toprak b\u00fct\u00fcnl\u00fc\u011f\u00fcne, birli\u011fine ve egemenli\u011fine y\u00f6nelik her t\u00fcrl\u00fc sald\u0131r\u0131n\u0131n b\u00f6lgesel bar\u0131\u015f \u00e7abalar\u0131na zarar verdi\u011fini belirtti ve \u0130srail\u2019in Suriye topraklar\u0131na y\u00f6nelik m\u00fcdahalelerinin, &hellip;<\/p>\n","protected":false},"author":44,"featured_media":325885,"comment_status":"closed","ping_status":"closed","sticky":false,"template":"","format":"standard","meta":{"footnotes":""},"categories":[458,589,459,17988],"tags":[44083],"class_list":["post-325884","post","type-post","status-publish","format-standard","has-post-thumbnail","","category-dunya1","category-haber-seridi","category-haberler-arap-uluslararasi-politika","category-son-haberler","tag-turkiye-disisleri-bakani-israilin-suriyeye-yonelik-saldirilari-bolgesel-baris-cabalarina-zarar-veriyor"],"_links":{"self":[{"href":"https:\/\/archive.sana.sy\/tr\/index.php?rest_route=\/wp\/v2\/posts\/325884","targetHints":{"allow":["GET"]}}],"collection":[{"href":"https:\/\/archive.sana.sy\/tr\/index.php?rest_route=\/wp\/v2\/posts"}],"about":[{"href":"https:\/\/archive.sana.sy\/tr\/index.php?rest_route=\/wp\/v2\/types\/post"}],"author":[{"embeddable":true,"href":"https:\/\/archive.sana.sy\/tr\/index.php?rest_route=\/wp\/v2\/users\/44"}],"replies":[{"embeddable":true,"href":"https:\/\/archive.sana.sy\/tr\/index.php?rest_route=%2Fwp%2Fv2%2Fcomments&post=325884"}],"version-history":[{"count":1,"href":"https:\/\/archive.sana.sy\/tr\/index.php?rest_route=\/wp\/v2\/posts\/325884\/revisions"}],"predecessor-version":[{"id":325886,"href":"https:\/\/archive.sana.sy\/tr\/index.php?rest_route=\/wp\/v2\/posts\/325884\/revisions\/325886"}],"wp:featuredmedia":[{"embeddable":true,"href":"https:\/\/archive.sana.sy\/tr\/index.php?rest_route=\/wp\/v2\/media\/325885"}],"wp:attachment":[{"href":"https:\/\/archive.sana.sy\/tr\/index.php?rest_route=%2Fwp%2Fv2%2Fmedia&parent=325884"}],"wp:term":[{"taxonomy":"category","embeddable":true,"href":"https:\/\/archive.sana.sy\/tr\/index.php?rest_route=%2Fwp%2Fv2%2Fcategories&post=325884"},{"taxonomy":"post_tag","embeddable":true,"href":"https:\/\/archive.sana.sy\/tr\/index.php?rest_route=%2Fwp%2Fv2%2Ftags&post=325884"}],"curies":[{"name":"wp","href":"https:\/\/api.w.org\/{rel}","templated":true}]}}