{"id":325903,"date":"2025-07-19T16:55:09","date_gmt":"2025-07-19T13:55:09","guid":{"rendered":"https:\/\/sana.sy\/tr\/?p=325903"},"modified":"2025-07-19T16:55:09","modified_gmt":"2025-07-19T13:55:09","slug":"avrupa-birligi-suveydadaki-ateskes-anlasmasini-memnuniyetle-karsiladi","status":"publish","type":"post","link":"https:\/\/archive.sana.sy\/tr\/?p=325903","title":{"rendered":"Avrupa Birli\u011fi, S\u00fcveyda\u2019daki Ate\u015fkes Anla\u015fmas\u0131n\u0131 Memnuniyetle Kar\u015f\u0131lad\u0131"},"content":{"rendered":"<p style=\"text-align: justify;\" data-start=\"181\" data-end=\"368\"><span style=\"color: #ff0000;\"><strong>BR\u00dcKSEL (SANA)<\/strong><\/span> &#8211; Avrupa Birli\u011fi bug\u00fcn, Suriye&#8217;nin S\u00fcveyda kentinde sa\u011flanan ate\u015fkes anla\u015fmas\u0131n\u0131 memnuniyetle kar\u015f\u0131lad\u0131\u011f\u0131n\u0131 bildirdi ve Suriye\u2019nin egemenli\u011fine sayg\u0131 g\u00f6sterilmesi gerekti\u011finin alt\u0131n\u0131 \u00e7izdi.<\/p>\n<p style=\"text-align: justify;\" data-start=\"370\" data-end=\"662\">AB S\u00f6zc\u00fcs\u00fc Enver El Alluni, X platformunda yapt\u0131\u011f\u0131 a\u00e7\u0131klamada, ate\u015fkesin tam anlam\u0131yla uygulanmas\u0131n\u0131n \u00f6nemine dikkat \u00e7ekerek, t\u00fcm \u015fiddet eylemlerinin derhal durdurulmas\u0131, sivillerin korunmas\u0131 ve mezhep\u00e7i s\u00f6ylemler ile k\u0131\u015fk\u0131rtmalar\u0131n \u00f6nlenmesi y\u00f6n\u00fcnde acil ad\u0131mlar at\u0131lmas\u0131 \u00e7a\u011fr\u0131s\u0131nda bulundu.<\/p>\n<p style=\"text-align: justify;\" data-start=\"664\" data-end=\"826\">El Alluni, Avrupa Birli\u011fi\u2019nin, \u0130srail ve di\u011fer t\u00fcm yabanc\u0131 akt\u00f6rlere Suriye\u2019nin egemenli\u011fine ve toprak b\u00fct\u00fcnl\u00fc\u011f\u00fcne sayg\u0131 g\u00f6sterme \u00e7a\u011fr\u0131s\u0131n\u0131 yineledi\u011fini belirtti.<\/p>\n<p style=\"text-align: justify;\" data-start=\"828\" data-end=\"1225\">AB s\u00f6zc\u00fcs\u00fc, son g\u00fcnlerde ya\u015fanan \u015fiddet olaylar\u0131nda y\u00fczlerce sivilin hayat\u0131n\u0131 kaybetti\u011fine dair raporlardan derin endi\u015fe duyduklar\u0131n\u0131 ifade ederek, bu sald\u0131r\u0131lar\u0131n silahl\u0131 gruplar taraf\u0131ndan silahs\u0131z sivillere y\u00f6nelik ger\u00e7ekle\u015ftirildi\u011finin bildirildi\u011fini s\u00f6yledi. El Alluni, uluslararas\u0131 insanc\u0131l hukuku a\u011f\u0131r bi\u00e7imde ihlal edenlerin hesap vermesi ve adalet \u00f6n\u00fcne \u00e7\u0131kar\u0131lmas\u0131 gerekti\u011fini vurgulad\u0131.<\/p>\n<p style=\"text-align: justify;\" data-start=\"1227\" data-end=\"1532\">A\u00e7\u0131klamas\u0131nda, &#8220;Art\u0131k kapsaml\u0131 bir diyalog ba\u015flatman\u0131n ve kapsay\u0131c\u0131 bir ge\u00e7i\u015f s\u00fcrecine ilerlemenin zaman\u0131 geldi,&#8221; diyen El Alluni, Avrupa Birli\u011fi&#8217;nin bu y\u00f6ndeki \u00e7abalara destek vermeye ve Suriye liderli\u011finde, Suriyelilere ait bar\u0131\u015f\u00e7\u0131l ve kapsay\u0131c\u0131 bir ge\u00e7i\u015f s\u00fcrecine katk\u0131 sunmaya haz\u0131r oldu\u011funu belirtti.<\/p>\n<p style=\"text-align: justify;\" data-start=\"1534\" data-end=\"1755\">Suriye Arap Cumhuriyeti Cumhurba\u015fkanl\u0131\u011f\u0131 ise bug\u00fcn erken saatlerde yapt\u0131\u011f\u0131 a\u00e7\u0131klamada, S\u00fcveyda\u2019da derhal y\u00fcr\u00fcrl\u00fc\u011fe girecek kapsaml\u0131 bir ate\u015fkes ilan edildi\u011fini ve t\u00fcm taraflar\u0131n buna riayet etmesi gerekti\u011fini duyurmu\u015ftu.<\/p>\n","protected":false},"excerpt":{"rendered":"<p>BR\u00dcKSEL (SANA) &#8211; Avrupa Birli\u011fi bug\u00fcn, Suriye&#8217;nin S\u00fcveyda kentinde sa\u011flanan ate\u015fkes anla\u015fmas\u0131n\u0131 memnuniyetle kar\u015f\u0131lad\u0131\u011f\u0131n\u0131 bildirdi ve Suriye\u2019nin egemenli\u011fine sayg\u0131 g\u00f6sterilmesi gerekti\u011finin alt\u0131n\u0131 \u00e7izdi. AB S\u00f6zc\u00fcs\u00fc Enver El Alluni, X platformunda yapt\u0131\u011f\u0131 a\u00e7\u0131klamada, ate\u015fkesin tam anlam\u0131yla uygulanmas\u0131n\u0131n \u00f6nemine dikkat \u00e7ekerek, t\u00fcm \u015fiddet eylemlerinin derhal durdurulmas\u0131, sivillerin korunmas\u0131 ve mezhep\u00e7i s\u00f6ylemler ile k\u0131\u015fk\u0131rtmalar\u0131n \u00f6nlenmesi y\u00f6n\u00fcnde acil ad\u0131mlar &hellip;<\/p>\n","protected":false},"author":41,"featured_media":325904,"comment_status":"closed","ping_status":"closed","sticky":false,"template":"","format":"standard","meta":{"footnotes":""},"categories":[458,589,459,17988],"tags":[],"class_list":["post-325903","post","type-post","status-publish","format-standard","has-post-thumbnail","","category-dunya1","category-haber-seridi","category-haberler-arap-uluslararasi-politika","category-son-haberler"],"_links":{"self":[{"href":"https:\/\/archive.sana.sy\/tr\/index.php?rest_route=\/wp\/v2\/posts\/325903","targetHints":{"allow":["GET"]}}],"collection":[{"href":"https:\/\/archive.sana.sy\/tr\/index.php?rest_route=\/wp\/v2\/posts"}],"about":[{"href":"https:\/\/archive.sana.sy\/tr\/index.php?rest_route=\/wp\/v2\/types\/post"}],"author":[{"embeddable":true,"href":"https:\/\/archive.sana.sy\/tr\/index.php?rest_route=\/wp\/v2\/users\/41"}],"replies":[{"embeddable":true,"href":"https:\/\/archive.sana.sy\/tr\/index.php?rest_route=%2Fwp%2Fv2%2Fcomments&post=325903"}],"version-history":[{"count":1,"href":"https:\/\/archive.sana.sy\/tr\/index.php?rest_route=\/wp\/v2\/posts\/325903\/revisions"}],"predecessor-version":[{"id":325905,"href":"https:\/\/archive.sana.sy\/tr\/index.php?rest_route=\/wp\/v2\/posts\/325903\/revisions\/325905"}],"wp:featuredmedia":[{"embeddable":true,"href":"https:\/\/archive.sana.sy\/tr\/index.php?rest_route=\/wp\/v2\/media\/325904"}],"wp:attachment":[{"href":"https:\/\/archive.sana.sy\/tr\/index.php?rest_route=%2Fwp%2Fv2%2Fmedia&parent=325903"}],"wp:term":[{"taxonomy":"category","embeddable":true,"href":"https:\/\/archive.sana.sy\/tr\/index.php?rest_route=%2Fwp%2Fv2%2Fcategories&post=325903"},{"taxonomy":"post_tag","embeddable":true,"href":"https:\/\/archive.sana.sy\/tr\/index.php?rest_route=%2Fwp%2Fv2%2Ftags&post=325903"}],"curies":[{"name":"wp","href":"https:\/\/api.w.org\/{rel}","templated":true}]}}