{"id":325943,"date":"2025-07-20T10:14:27","date_gmt":"2025-07-20T07:14:27","guid":{"rendered":"https:\/\/sana.sy\/tr\/?p=325943"},"modified":"2025-07-20T15:24:55","modified_gmt":"2025-07-20T12:24:55","slug":"fransa-suveydada-ateskes-anlasmasinin-ilan-edilmesini-memnuniyetle-karsiladi","status":"publish","type":"post","link":"https:\/\/archive.sana.sy\/tr\/?p=325943","title":{"rendered":"Fransa, S\u00fcveyda&#8217;da Ate\u015fkes Anla\u015fmas\u0131n\u0131n \u0130lan Edilmesini Memnuniyetle Kar\u015f\u0131lad\u0131"},"content":{"rendered":"<p style=\"text-align: justify;\"><strong><span style=\"color: #ff0000;\">PAR\u0130S (SANA)<\/span> \u2013<\/strong> Fransa, S\u00fcveyda Valili\u011fi&#8217;nde ate\u015fkes anla\u015fmas\u0131n\u0131n ilan edilmesini memnuniyetle kar\u015f\u0131layarak, ilgili taraflar\u0131 anla\u015fmaya s\u0131k\u0131 s\u0131k\u0131ya ba\u011fl\u0131 kalmaya ve tek tarafl\u0131 eylemlerden ka\u00e7\u0131nmaya \u00e7a\u011f\u0131rd\u0131.<\/p>\n<p style=\"text-align: justify;\">Fransa D\u0131\u015fi\u015fleri Bakanl\u0131\u011f\u0131, resmi internet sitesinde yay\u0131mlad\u0131\u011f\u0131 a\u00e7\u0131klamada, &#8220;S\u00fcveyda&#8217;da \u00e7at\u0131\u015fma ve \u015fiddet derhal durdurulmal\u0131, sivillerin g\u00fcvenli\u011fi sa\u011flanmal\u0131 ve temel hizmetlerin sa\u011flanmas\u0131n\u0131 temin etmek i\u00e7in insani yard\u0131mlar yeniden sa\u011flanmal\u0131d\u0131r&#8221; dedi.<\/p>\n<p style=\"text-align: justify;\">A\u00e7\u0131klamada, &#8220;Suriye yetkililerinin, Suriye halk\u0131n\u0131n t\u00fcm kesimlerinin g\u00fcvenli\u011fini ve haklar\u0131n\u0131 garanti alt\u0131na almas\u0131 gerekti\u011fi&#8221; vurgulan\u0131rken, Suriye yetkilileri ile S\u00fcveyda Vilayeti y\u00f6neticilerini, Suriye&#8217;nin birli\u011fini, istikrar\u0131n\u0131 ve egemenli\u011fini g\u00fc\u00e7lendirmeye katk\u0131 sa\u011flayacak kal\u0131c\u0131 bir anla\u015fmaya varmak i\u00e7in diyalo\u011fu yeniden ba\u015flatmaya \u00e7a\u011f\u0131rd\u0131.<\/p>\n<p style=\"text-align: justify;\">A\u00e7\u0131klamada ayr\u0131ca, &#8220;Fransa, sivillere kar\u015f\u0131 i\u015flenen kabul edilemez ihlallerin soru\u015fturulmas\u0131 taahh\u00fcd\u00fcn\u00fcn \u00f6nemini ve sorumlular\u0131n tespit edilerek h\u0131zla adalete teslim edilmesinin gereklili\u011fini yinelemektedir.&#8221; ifadelerine yer verildi.<\/p>\n","protected":false},"excerpt":{"rendered":"<p>PAR\u0130S (SANA) \u2013 Fransa, S\u00fcveyda Valili\u011fi&#8217;nde ate\u015fkes anla\u015fmas\u0131n\u0131n ilan edilmesini memnuniyetle kar\u015f\u0131layarak, ilgili taraflar\u0131 anla\u015fmaya s\u0131k\u0131 s\u0131k\u0131ya ba\u011fl\u0131 kalmaya ve tek tarafl\u0131 eylemlerden ka\u00e7\u0131nmaya \u00e7a\u011f\u0131rd\u0131. Fransa D\u0131\u015fi\u015fleri Bakanl\u0131\u011f\u0131, resmi internet sitesinde yay\u0131mlad\u0131\u011f\u0131 a\u00e7\u0131klamada, &#8220;S\u00fcveyda&#8217;da \u00e7at\u0131\u015fma ve \u015fiddet derhal durdurulmal\u0131, sivillerin g\u00fcvenli\u011fi sa\u011flanmal\u0131 ve temel hizmetlerin sa\u011flanmas\u0131n\u0131 temin etmek i\u00e7in insani yard\u0131mlar yeniden sa\u011flanmal\u0131d\u0131r&#8221; dedi. A\u00e7\u0131klamada, &hellip;<\/p>\n","protected":false},"author":39,"featured_media":325944,"comment_status":"closed","ping_status":"closed","sticky":false,"template":"","format":"standard","meta":{"footnotes":""},"categories":[458,589,459,17988],"tags":[],"class_list":["post-325943","post","type-post","status-publish","format-standard","has-post-thumbnail","","category-dunya1","category-haber-seridi","category-haberler-arap-uluslararasi-politika","category-son-haberler"],"_links":{"self":[{"href":"https:\/\/archive.sana.sy\/tr\/index.php?rest_route=\/wp\/v2\/posts\/325943","targetHints":{"allow":["GET"]}}],"collection":[{"href":"https:\/\/archive.sana.sy\/tr\/index.php?rest_route=\/wp\/v2\/posts"}],"about":[{"href":"https:\/\/archive.sana.sy\/tr\/index.php?rest_route=\/wp\/v2\/types\/post"}],"author":[{"embeddable":true,"href":"https:\/\/archive.sana.sy\/tr\/index.php?rest_route=\/wp\/v2\/users\/39"}],"replies":[{"embeddable":true,"href":"https:\/\/archive.sana.sy\/tr\/index.php?rest_route=%2Fwp%2Fv2%2Fcomments&post=325943"}],"version-history":[{"count":2,"href":"https:\/\/archive.sana.sy\/tr\/index.php?rest_route=\/wp\/v2\/posts\/325943\/revisions"}],"predecessor-version":[{"id":325997,"href":"https:\/\/archive.sana.sy\/tr\/index.php?rest_route=\/wp\/v2\/posts\/325943\/revisions\/325997"}],"wp:featuredmedia":[{"embeddable":true,"href":"https:\/\/archive.sana.sy\/tr\/index.php?rest_route=\/wp\/v2\/media\/325944"}],"wp:attachment":[{"href":"https:\/\/archive.sana.sy\/tr\/index.php?rest_route=%2Fwp%2Fv2%2Fmedia&parent=325943"}],"wp:term":[{"taxonomy":"category","embeddable":true,"href":"https:\/\/archive.sana.sy\/tr\/index.php?rest_route=%2Fwp%2Fv2%2Fcategories&post=325943"},{"taxonomy":"post_tag","embeddable":true,"href":"https:\/\/archive.sana.sy\/tr\/index.php?rest_route=%2Fwp%2Fv2%2Ftags&post=325943"}],"curies":[{"name":"wp","href":"https:\/\/api.w.org\/{rel}","templated":true}]}}