{"id":325957,"date":"2025-07-20T11:09:06","date_gmt":"2025-07-20T08:09:06","guid":{"rendered":"https:\/\/sana.sy\/tr\/?p=325957"},"modified":"2025-07-20T11:09:06","modified_gmt":"2025-07-20T08:09:06","slug":"suriye-saglik-bakanligindan-suveyde-iline-tibbi-yardim-konvoyu","status":"publish","type":"post","link":"https:\/\/archive.sana.sy\/tr\/?p=325957","title":{"rendered":"Suriye Sa\u011fl\u0131k Bakanl\u0131\u011f\u0131\u2019ndan S\u00fcveyde \u0130line T\u0131bbi Yard\u0131m Konvoyu"},"content":{"rendered":"<p style=\"text-align: justify;\"><strong><span style=\"color: #ff0000;\">\u015eAM (SANA) &#8211;<\/span> <\/strong>Suriye Sa\u011fl\u0131k Bakanl\u0131\u011f\u0131, bug\u00fcn S\u00fcveyde iline, tam donan\u0131ml\u0131 20 ambulans ile y\u00fcksek haz\u0131rl\u0131k seviyesine sahip uzman sa\u011fl\u0131k ekiplerini ve b\u00fcy\u00fck miktarda ila\u00e7 ile acil m\u00fcdahale malzemelerini i\u00e7eren bir t\u0131bbi yard\u0131m konvoyu g\u00f6nderdi.<\/p>\n<p style=\"text-align: justify;\">Sa\u011fl\u0131k Bakan\u0131 Dr. Musab El Ali, SANA muhabirine yapt\u0131\u011f\u0131 a\u00e7\u0131klamada, bu konvoyun birka\u00e7 g\u00fcn \u00f6nce haz\u0131rland\u0131\u011f\u0131n\u0131 ancak Siyonist i\u015fgal u\u00e7aklar\u0131n\u0131n bombard\u0131man\u0131 nedeniyle S\u00fcveyde\u2019ye ula\u015famad\u0131\u011f\u0131n\u0131 belirterek, bakanl\u0131\u011f\u0131n Suriye co\u011frafyas\u0131n\u0131n tamam\u0131nda yard\u0131ma ihtiya\u00e7 duyan herkese destek sa\u011flama konusundaki kararl\u0131l\u0131\u011f\u0131n\u0131 vurgulad\u0131.<\/p>\n<p style=\"text-align: justify;\">Bakan El Ali, g\u00fcvenlik g\u00fc\u00e7lerinin a\u015firet sava\u015f\u00e7\u0131lar\u0131n\u0131 b\u00f6lgeden \u00e7\u0131karmas\u0131 ve ilan edilen ate\u015fkesin uygulanmas\u0131yla, d\u00fcn gece yar\u0131s\u0131ndan sonra ya\u015fanan geli\u015fmelerin ard\u0131ndan bug\u00fcn konvoyun hareket etti\u011fini ve bu sayede S\u00fcveyde Ulusal Hastanesi\u2019ne ula\u015fmak amac\u0131yla g\u00fcvenli ge\u00e7i\u015f koridorlar\u0131n\u0131n olu\u015fturuldu\u011funu ifade ederek, bu yard\u0131mlar\u0131n Suriye halk\u0131na ve ihtiya\u00e7 sahiplerine ula\u015ft\u0131r\u0131ld\u0131\u011f\u0131n\u0131 s\u00f6zlerine ekledi.<\/p>\n<p style=\"text-align: justify;\">Sosyal \u0130\u015fler ve \u00c7al\u0131\u015fma Bakan\u0131 Dr. Hind Kabavat da t\u0131bbi, g\u0131da ve insani yard\u0131mlar\u0131n sa\u011flanmas\u0131n\u0131n ve S\u00fcveyde halk\u0131na destek verilmesinin \u00f6nemine dikkat \u00e7ekerek, Suriye halk\u0131na hizmet etmenin, bakanl\u0131\u011f\u0131n ilgili t\u00fcm bakanl\u0131klar ve kurumlarla koordineli olarak y\u00fcr\u00fctt\u00fc\u011f\u00fc \u00e7al\u0131\u015fmalar\u0131n temelini olu\u015fturdu\u011funu vurgulad\u0131.<\/p>\n<p style=\"text-align: justify;\">S\u00fcveyde Valisi Dr. Mustafa El Bakur ise, ilde son d\u00f6nemde ya\u015fanan ciddi g\u0131da ve t\u0131bbi malzeme s\u0131k\u0131nt\u0131s\u0131n\u0131n ard\u0131ndan g\u00f6nderilen bu yard\u0131mlar\u0131n \u00f6nemine i\u015faret ederek, kurumlar\u0131n elektrik, su, ileti\u015fim ve internet gibi sekt\u00f6rlerdeki rollerini yeniden etkinle\u015ftirmeye ba\u015flayaca\u011f\u0131n\u0131 a\u00e7\u0131klad\u0131.<\/p>\n","protected":false},"excerpt":{"rendered":"<p>\u015eAM (SANA) &#8211; Suriye Sa\u011fl\u0131k Bakanl\u0131\u011f\u0131, bug\u00fcn S\u00fcveyde iline, tam donan\u0131ml\u0131 20 ambulans ile y\u00fcksek haz\u0131rl\u0131k seviyesine sahip uzman sa\u011fl\u0131k ekiplerini ve b\u00fcy\u00fck miktarda ila\u00e7 ile acil m\u00fcdahale malzemelerini i\u00e7eren bir t\u0131bbi yard\u0131m konvoyu g\u00f6nderdi. Sa\u011fl\u0131k Bakan\u0131 Dr. Musab El Ali, SANA muhabirine yapt\u0131\u011f\u0131 a\u00e7\u0131klamada, bu konvoyun birka\u00e7 g\u00fcn \u00f6nce haz\u0131rland\u0131\u011f\u0131n\u0131 ancak Siyonist i\u015fgal u\u00e7aklar\u0131n\u0131n &hellip;<\/p>\n","protected":false},"author":39,"featured_media":325958,"comment_status":"closed","ping_status":"closed","sticky":false,"template":"","format":"standard","meta":{"footnotes":""},"categories":[589,479,17988,478],"tags":[],"class_list":["post-325957","post","type-post","status-publish","format-standard","has-post-thumbnail","","category-haber-seridi","category-haberler-yerel","category-son-haberler","category-yerel"],"_links":{"self":[{"href":"https:\/\/archive.sana.sy\/tr\/index.php?rest_route=\/wp\/v2\/posts\/325957","targetHints":{"allow":["GET"]}}],"collection":[{"href":"https:\/\/archive.sana.sy\/tr\/index.php?rest_route=\/wp\/v2\/posts"}],"about":[{"href":"https:\/\/archive.sana.sy\/tr\/index.php?rest_route=\/wp\/v2\/types\/post"}],"author":[{"embeddable":true,"href":"https:\/\/archive.sana.sy\/tr\/index.php?rest_route=\/wp\/v2\/users\/39"}],"replies":[{"embeddable":true,"href":"https:\/\/archive.sana.sy\/tr\/index.php?rest_route=%2Fwp%2Fv2%2Fcomments&post=325957"}],"version-history":[{"count":1,"href":"https:\/\/archive.sana.sy\/tr\/index.php?rest_route=\/wp\/v2\/posts\/325957\/revisions"}],"predecessor-version":[{"id":325959,"href":"https:\/\/archive.sana.sy\/tr\/index.php?rest_route=\/wp\/v2\/posts\/325957\/revisions\/325959"}],"wp:featuredmedia":[{"embeddable":true,"href":"https:\/\/archive.sana.sy\/tr\/index.php?rest_route=\/wp\/v2\/media\/325958"}],"wp:attachment":[{"href":"https:\/\/archive.sana.sy\/tr\/index.php?rest_route=%2Fwp%2Fv2%2Fmedia&parent=325957"}],"wp:term":[{"taxonomy":"category","embeddable":true,"href":"https:\/\/archive.sana.sy\/tr\/index.php?rest_route=%2Fwp%2Fv2%2Fcategories&post=325957"},{"taxonomy":"post_tag","embeddable":true,"href":"https:\/\/archive.sana.sy\/tr\/index.php?rest_route=%2Fwp%2Fv2%2Ftags&post=325957"}],"curies":[{"name":"wp","href":"https:\/\/api.w.org\/{rel}","templated":true}]}}