{"id":325963,"date":"2025-07-20T12:15:40","date_gmt":"2025-07-20T09:15:40","guid":{"rendered":"https:\/\/sana.sy\/tr\/?p=325963"},"modified":"2025-07-20T15:23:17","modified_gmt":"2025-07-20T12:23:17","slug":"canbolat-uluslararasi-veya-israil-korumasina-yonelik-her-turlu-cagrinin-suriyenin-egemenligine-tecavuz-teskil-ettigini-vurguladi","status":"publish","type":"post","link":"https:\/\/archive.sana.sy\/tr\/?p=325963","title":{"rendered":"Canbolat, Uluslararas\u0131 Veya \u0130srail Korumas\u0131na Y\u00f6nelik Her T\u00fcrl\u00fc \u00c7a\u011fr\u0131n\u0131n Suriye&#8217;nin Egemenli\u011fine Tecav\u00fcz Te\u015fkil Etti\u011fini Vurgulad\u0131"},"content":{"rendered":"<p style=\"text-align: justify;\"><strong><span style=\"color: #ff0000;\">BEYRUT (SANA)<\/span> &#8211;<\/strong> L\u00fcbnan \u0130leri Sosyalist Partisi eski lideri Velid Canbolat, G\u00fcney Suriye&#8217;de ate\u015fkes anla\u015fmas\u0131na uyulmas\u0131 \u00e7a\u011fr\u0131s\u0131nda bulunarak, uluslararas\u0131 veya \u0130srail korumas\u0131 talep eden her t\u00fcrl\u00fc a\u00e7\u0131klaman\u0131n Suriye&#8217;nin egemenli\u011fine ve S\u00fcveyde&#8217;nin ulusal ve Arap tarihine sald\u0131r\u0131 te\u015fkil etti\u011fini vurgulad\u0131.<\/p>\n<p style=\"text-align: justify;\">L\u00fcbnan Ulusal Haber Ajans\u0131&#8217;na g\u00f6re Canbolat, yapt\u0131\u011f\u0131 a\u00e7\u0131klamada, ate\u015fkes anla\u015fmas\u0131n\u0131n g\u00fc\u00e7lendirilmesi ve D\u00fcrzi Evi&#8217;nde d\u00fczenlenen ola\u011fan\u00fcst\u00fc toplant\u0131da yap\u0131lan a\u00e7\u0131klamaya uyulmas\u0131 gerekti\u011fini vurgulad\u0131.<\/p>\n<p style=\"text-align: justify;\">\u00a0&#8220;Suriye devletinin itibar\u0131n\u0131 korumak ve Cebel El Arab halk\u0131n\u0131n me\u015fru taleplerini kar\u015f\u0131lamak i\u00e7in tek yolun kapsaml\u0131 bir siyasi \u00e7\u00f6z\u00fcm oldu\u011funu&#8221; vurgulayan Canbolat, devletin himayesinde t\u00fcm dini, siyasi ve mezhepsel unsurlar aras\u0131nda bir diyalo\u011fun ba\u015flat\u0131lmas\u0131n\u0131n gereklili\u011fine i\u015faret etti.<\/p>\n<p style=\"text-align: justify;\">Canbolat ayr\u0131ca gerginli\u011fin daha da artmas\u0131n\u0131n \u00f6nlenmesi i\u00e7in gerginli\u011fin azalt\u0131lmas\u0131 ve eylemde bulunulmas\u0131 \u00e7a\u011fr\u0131s\u0131nda bulunarak, &#8220;Suriye D\u00fcrzileri, Arap ve Suriye ulusal dokusunun ayr\u0131lmaz bir par\u00e7as\u0131d\u0131r ve Arap kimliklerinden kopar\u0131lmamal\u0131 veya do\u011fal \u00e7evrelerinden ayr\u0131 bir varl\u0131k olarak ele al\u0131nmamal\u0131d\u0131rlar&#8221; dedi.<\/p>\n","protected":false},"excerpt":{"rendered":"<p>BEYRUT (SANA) &#8211; L\u00fcbnan \u0130leri Sosyalist Partisi eski lideri Velid Canbolat, G\u00fcney Suriye&#8217;de ate\u015fkes anla\u015fmas\u0131na uyulmas\u0131 \u00e7a\u011fr\u0131s\u0131nda bulunarak, uluslararas\u0131 veya \u0130srail korumas\u0131 talep eden her t\u00fcrl\u00fc a\u00e7\u0131klaman\u0131n Suriye&#8217;nin egemenli\u011fine ve S\u00fcveyde&#8217;nin ulusal ve Arap tarihine sald\u0131r\u0131 te\u015fkil etti\u011fini vurgulad\u0131. L\u00fcbnan Ulusal Haber Ajans\u0131&#8217;na g\u00f6re Canbolat, yapt\u0131\u011f\u0131 a\u00e7\u0131klamada, ate\u015fkes anla\u015fmas\u0131n\u0131n g\u00fc\u00e7lendirilmesi ve D\u00fcrzi Evi&#8217;nde d\u00fczenlenen ola\u011fan\u00fcst\u00fc &hellip;<\/p>\n","protected":false},"author":39,"featured_media":325964,"comment_status":"closed","ping_status":"closed","sticky":false,"template":"","format":"standard","meta":{"footnotes":""},"categories":[458,589,459,17988],"tags":[],"class_list":["post-325963","post","type-post","status-publish","format-standard","has-post-thumbnail","","category-dunya1","category-haber-seridi","category-haberler-arap-uluslararasi-politika","category-son-haberler"],"_links":{"self":[{"href":"https:\/\/archive.sana.sy\/tr\/index.php?rest_route=\/wp\/v2\/posts\/325963","targetHints":{"allow":["GET"]}}],"collection":[{"href":"https:\/\/archive.sana.sy\/tr\/index.php?rest_route=\/wp\/v2\/posts"}],"about":[{"href":"https:\/\/archive.sana.sy\/tr\/index.php?rest_route=\/wp\/v2\/types\/post"}],"author":[{"embeddable":true,"href":"https:\/\/archive.sana.sy\/tr\/index.php?rest_route=\/wp\/v2\/users\/39"}],"replies":[{"embeddable":true,"href":"https:\/\/archive.sana.sy\/tr\/index.php?rest_route=%2Fwp%2Fv2%2Fcomments&post=325963"}],"version-history":[{"count":3,"href":"https:\/\/archive.sana.sy\/tr\/index.php?rest_route=\/wp\/v2\/posts\/325963\/revisions"}],"predecessor-version":[{"id":325996,"href":"https:\/\/archive.sana.sy\/tr\/index.php?rest_route=\/wp\/v2\/posts\/325963\/revisions\/325996"}],"wp:featuredmedia":[{"embeddable":true,"href":"https:\/\/archive.sana.sy\/tr\/index.php?rest_route=\/wp\/v2\/media\/325964"}],"wp:attachment":[{"href":"https:\/\/archive.sana.sy\/tr\/index.php?rest_route=%2Fwp%2Fv2%2Fmedia&parent=325963"}],"wp:term":[{"taxonomy":"category","embeddable":true,"href":"https:\/\/archive.sana.sy\/tr\/index.php?rest_route=%2Fwp%2Fv2%2Fcategories&post=325963"},{"taxonomy":"post_tag","embeddable":true,"href":"https:\/\/archive.sana.sy\/tr\/index.php?rest_route=%2Fwp%2Fv2%2Ftags&post=325963"}],"curies":[{"name":"wp","href":"https:\/\/api.w.org\/{rel}","templated":true}]}}