{"id":325966,"date":"2025-07-20T13:02:21","date_gmt":"2025-07-20T10:02:21","guid":{"rendered":"https:\/\/sana.sy\/tr\/?p=325966"},"modified":"2025-07-20T13:12:06","modified_gmt":"2025-07-20T10:12:06","slug":"saglik-bakanliginin-medya-ofisi-sanaya-sunlari-belirtti-hikmet-el-haceri-yardim-konvoyuna-eslik-eden-resmi-hukumet-heyetinin-suveyda-valiligine-girisini-reddetti-sadece-suriye-arap-kizilayi","status":"publish","type":"post","link":"https:\/\/archive.sana.sy\/tr\/?p=325966","title":{"rendered":"Sa\u011fl\u0131k Bakanl\u0131\u011f\u0131&#8217;n\u0131n medya ofisi SANA&#8217;ya \u015funlar\u0131 belirtti:  Hikmet El Haceri, yard\u0131m konvoyuna e\u015flik eden resmi h\u00fck\u00fcmet heyetinin S\u00fcveyda Valili\u011fi&#8217;ne giri\u015fini reddetti. Sadece Suriye Arap K\u0131z\u0131lay\u0131&#8217;n\u0131n giri\u015fine izin verilecek ve konvoylar h\u00fck\u00fcmet heyetiyle birlikte \u015eam&#8217;a d\u00f6necek."},"content":{"rendered":"","protected":false},"excerpt":{"rendered":"","protected":false},"author":39,"featured_media":0,"comment_status":"closed","ping_status":"closed","sticky":false,"template":"","format":"standard","meta":{"footnotes":""},"categories":[1],"tags":[],"class_list":["post-325966","post","type-post","status-publish","format-standard","","category-news-not-sorted"],"_links":{"self":[{"href":"https:\/\/archive.sana.sy\/tr\/index.php?rest_route=\/wp\/v2\/posts\/325966","targetHints":{"allow":["GET"]}}],"collection":[{"href":"https:\/\/archive.sana.sy\/tr\/index.php?rest_route=\/wp\/v2\/posts"}],"about":[{"href":"https:\/\/archive.sana.sy\/tr\/index.php?rest_route=\/wp\/v2\/types\/post"}],"author":[{"embeddable":true,"href":"https:\/\/archive.sana.sy\/tr\/index.php?rest_route=\/wp\/v2\/users\/39"}],"replies":[{"embeddable":true,"href":"https:\/\/archive.sana.sy\/tr\/index.php?rest_route=%2Fwp%2Fv2%2Fcomments&post=325966"}],"version-history":[{"count":1,"href":"https:\/\/archive.sana.sy\/tr\/index.php?rest_route=\/wp\/v2\/posts\/325966\/revisions"}],"predecessor-version":[{"id":325967,"href":"https:\/\/archive.sana.sy\/tr\/index.php?rest_route=\/wp\/v2\/posts\/325966\/revisions\/325967"}],"wp:attachment":[{"href":"https:\/\/archive.sana.sy\/tr\/index.php?rest_route=%2Fwp%2Fv2%2Fmedia&parent=325966"}],"wp:term":[{"taxonomy":"category","embeddable":true,"href":"https:\/\/archive.sana.sy\/tr\/index.php?rest_route=%2Fwp%2Fv2%2Fcategories&post=325966"},{"taxonomy":"post_tag","embeddable":true,"href":"https:\/\/archive.sana.sy\/tr\/index.php?rest_route=%2Fwp%2Fv2%2Ftags&post=325966"}],"curies":[{"name":"wp","href":"https:\/\/api.w.org\/{rel}","templated":true}]}}