{"id":325986,"date":"2025-07-20T14:53:22","date_gmt":"2025-07-20T11:53:22","guid":{"rendered":"https:\/\/sana.sy\/tr\/?p=325986"},"modified":"2025-07-22T17:24:03","modified_gmt":"2025-07-22T14:24:03","slug":"cumhurbaskani-el-sara-suriye-kiyilarindaki-olaylari-sorusturmakla-gorevli-bagimsiz-ulusal-komitenin-tam-raporunu-aldi","status":"publish","type":"post","link":"https:\/\/archive.sana.sy\/tr\/?p=325986","title":{"rendered":"Cumhurba\u015fkan\u0131 El \u015eara, Suriye k\u0131y\u0131lar\u0131ndaki Olaylar\u0131 Soru\u015fturmakla G\u00f6revli Ba\u011f\u0131ms\u0131z Ulusal Komite&#8217;nin Tam Raporunu Ald\u0131"},"content":{"rendered":"<p style=\"text-align: justify;\"><span style=\"color: #ff0000;\"><strong>\u015eAM (SANA)<\/strong> <\/span>&#8211; 13 Temmuz 2025 Pazar g\u00fcn\u00fc, Suriye Arap Cumhuriyeti Cumhurba\u015fkan\u0131 Say\u0131n Ahmed El \u015eara, Mart ay\u0131 ba\u015flar\u0131nda Suriye k\u0131y\u0131lar\u0131nda meydana gelen olaylar\u0131 soru\u015fturmakla g\u00f6revli Ba\u011f\u0131ms\u0131z Ulusal Komite&#8217;nin tam raporunu teslim ald\u0131.<\/p>\n<p style=\"text-align: justify;\">Cumhurba\u015fkanl\u0131\u011f\u0131 yapt\u0131\u011f\u0131 bas\u0131n a\u00e7\u0131klamas\u0131nda, bu komitenin, Suriye&#8217;nin k\u0131y\u0131lardaki olaylar veya kuzeyden g\u00fcneye di\u011fer olaylarla ilgili olarak, hi\u00e7bir ihlalin veya ger\u00e7e\u011fi karartma giri\u015fiminin gelece\u011finin bir par\u00e7as\u0131 olmayaca\u011f\u0131 bir yolda ilerlemesini sa\u011flamak amac\u0131yla kuruldu\u011funu do\u011frulad\u0131.<\/p>\n<p style=\"text-align: justify;\">Cumhurba\u015fkanl\u0131\u011f\u0131, komite \u00fcyelerinin samimi \u00e7abalar\u0131 i\u00e7in te\u015fekk\u00fcrlerini sundu ve raporda yer alan bulgular\u0131, hakikat, adalet ve hesap verebilirlik ilkelerinin ilerletilmesi ve bu olaylarda ve yeni bir Suriye in\u015fas\u0131 s\u00fcrecinde ihlallerin tekrarlanmas\u0131n\u0131n \u00f6nlenmesi i\u00e7in ad\u0131mlar at\u0131lmas\u0131n\u0131 sa\u011flamak amac\u0131yla dikkatle ve titizlikle inceleyece\u011fini belirtti.<\/p>\n<p style=\"text-align: justify;\">Cumhurba\u015fkanl\u0131\u011f\u0131 ayr\u0131ca \u015funlar\u0131 kaydetti: &#8221;Suriye halk\u0131n\u0131n ger\u00e7e\u011fi \u00f6\u011frenme hakk\u0131n\u0131 desteklemek amac\u0131yla, uygun g\u00f6rmesi halinde Ulusal Komite&#8217;den, ma\u011fdurlar\u0131n onurunu koruyacak, yarg\u0131 s\u00fcre\u00e7lerinin b\u00fct\u00fcnl\u00fc\u011f\u00fcne sayg\u0131 g\u00f6sterecek ve delilleri koruyacak bir \u015fekilde, \u00e7al\u0131\u015fmalar\u0131n\u0131 ve temel bulgular\u0131n\u0131 sunmak \u00fczere m\u00fcmk\u00fcn olan en k\u0131sa s\u00fcrede bir bas\u0131n toplant\u0131s\u0131 d\u00fczenlemesini talep etmektedir.&#8221;<\/p>\n<div id='gallery-1' class='gallery galleryid-325986 gallery-columns-1 gallery-size-full'><figure class='gallery-item'>\n\t\t\t<div class='gallery-icon landscape'>\n\t\t\t\t<a href='https:\/\/archive.sana.sy\/tr\/?attachment_id=325988'><img loading=\"lazy\" decoding=\"async\" width=\"1536\" height=\"862\" src=\"https:\/\/archive.sana.sy\/tr\/wp-content\/uploads\/2025\/07\/photo_2_2025-07-20_14-00-08-1536x862-1.jpg\" class=\"attachment-full size-full\" alt=\"\" srcset=\"https:\/\/archive.sana.sy\/tr\/wp-content\/uploads\/2025\/07\/photo_2_2025-07-20_14-00-08-1536x862-1.jpg 1536w, https:\/\/archive.sana.sy\/tr\/wp-content\/uploads\/2025\/07\/photo_2_2025-07-20_14-00-08-1536x862-1-300x168.jpg 300w, https:\/\/archive.sana.sy\/tr\/wp-content\/uploads\/2025\/07\/photo_2_2025-07-20_14-00-08-1536x862-1-1024x575.jpg 1024w, https:\/\/archive.sana.sy\/tr\/wp-content\/uploads\/2025\/07\/photo_2_2025-07-20_14-00-08-1536x862-1-768x431.jpg 768w\" sizes=\"auto, (max-width: 1536px) 100vw, 1536px\" \/><\/a>\n\t\t\t<\/div><\/figure><figure class='gallery-item'>\n\t\t\t<div class='gallery-icon landscape'>\n\t\t\t\t<a href='https:\/\/archive.sana.sy\/tr\/?attachment_id=325989'><img loading=\"lazy\" decoding=\"async\" width=\"1536\" height=\"862\" src=\"https:\/\/archive.sana.sy\/tr\/wp-content\/uploads\/2025\/07\/photo_3_2025-07-20_14-00-08-1536x862-1.jpg\" class=\"attachment-full size-full\" alt=\"\" srcset=\"https:\/\/archive.sana.sy\/tr\/wp-content\/uploads\/2025\/07\/photo_3_2025-07-20_14-00-08-1536x862-1.jpg 1536w, https:\/\/archive.sana.sy\/tr\/wp-content\/uploads\/2025\/07\/photo_3_2025-07-20_14-00-08-1536x862-1-300x168.jpg 300w, https:\/\/archive.sana.sy\/tr\/wp-content\/uploads\/2025\/07\/photo_3_2025-07-20_14-00-08-1536x862-1-1024x575.jpg 1024w, https:\/\/archive.sana.sy\/tr\/wp-content\/uploads\/2025\/07\/photo_3_2025-07-20_14-00-08-1536x862-1-768x431.jpg 768w\" sizes=\"auto, (max-width: 1536px) 100vw, 1536px\" \/><\/a>\n\t\t\t<\/div><\/figure><figure class='gallery-item'>\n\t\t\t<div class='gallery-icon landscape'>\n\t\t\t\t<a href='https:\/\/archive.sana.sy\/tr\/?attachment_id=325990'><img loading=\"lazy\" decoding=\"async\" width=\"1536\" height=\"864\" src=\"https:\/\/archive.sana.sy\/tr\/wp-content\/uploads\/2025\/07\/photo_4_2025-07-20_14-00-08-1536x864-1.jpg\" class=\"attachment-full size-full\" alt=\"\" srcset=\"https:\/\/archive.sana.sy\/tr\/wp-content\/uploads\/2025\/07\/photo_4_2025-07-20_14-00-08-1536x864-1.jpg 1536w, https:\/\/archive.sana.sy\/tr\/wp-content\/uploads\/2025\/07\/photo_4_2025-07-20_14-00-08-1536x864-1-300x169.jpg 300w, https:\/\/archive.sana.sy\/tr\/wp-content\/uploads\/2025\/07\/photo_4_2025-07-20_14-00-08-1536x864-1-1024x576.jpg 1024w, https:\/\/archive.sana.sy\/tr\/wp-content\/uploads\/2025\/07\/photo_4_2025-07-20_14-00-08-1536x864-1-768x432.jpg 768w\" sizes=\"auto, (max-width: 1536px) 100vw, 1536px\" \/><\/a>\n\t\t\t<\/div><\/figure><figure class='gallery-item'>\n\t\t\t<div class='gallery-icon landscape'>\n\t\t\t\t<a href='https:\/\/archive.sana.sy\/tr\/?attachment_id=325991'><img loading=\"lazy\" decoding=\"async\" width=\"1536\" height=\"862\" src=\"https:\/\/archive.sana.sy\/tr\/wp-content\/uploads\/2025\/07\/photo_5_2025-07-20_14-00-08-1536x862-1.jpg\" class=\"attachment-full size-full\" alt=\"\" srcset=\"https:\/\/archive.sana.sy\/tr\/wp-content\/uploads\/2025\/07\/photo_5_2025-07-20_14-00-08-1536x862-1.jpg 1536w, https:\/\/archive.sana.sy\/tr\/wp-content\/uploads\/2025\/07\/photo_5_2025-07-20_14-00-08-1536x862-1-300x168.jpg 300w, https:\/\/archive.sana.sy\/tr\/wp-content\/uploads\/2025\/07\/photo_5_2025-07-20_14-00-08-1536x862-1-1024x575.jpg 1024w, https:\/\/archive.sana.sy\/tr\/wp-content\/uploads\/2025\/07\/photo_5_2025-07-20_14-00-08-1536x862-1-768x431.jpg 768w\" sizes=\"auto, (max-width: 1536px) 100vw, 1536px\" \/><\/a>\n\t\t\t<\/div><\/figure><figure class='gallery-item'>\n\t\t\t<div class='gallery-icon landscape'>\n\t\t\t\t<a href='https:\/\/archive.sana.sy\/tr\/?attachment_id=325992'><img loading=\"lazy\" decoding=\"async\" width=\"1536\" height=\"862\" src=\"https:\/\/archive.sana.sy\/tr\/wp-content\/uploads\/2025\/07\/photo_6_2025-07-20_14-00-08-1536x862-1.jpg\" class=\"attachment-full size-full\" alt=\"\" srcset=\"https:\/\/archive.sana.sy\/tr\/wp-content\/uploads\/2025\/07\/photo_6_2025-07-20_14-00-08-1536x862-1.jpg 1536w, https:\/\/archive.sana.sy\/tr\/wp-content\/uploads\/2025\/07\/photo_6_2025-07-20_14-00-08-1536x862-1-300x168.jpg 300w, https:\/\/archive.sana.sy\/tr\/wp-content\/uploads\/2025\/07\/photo_6_2025-07-20_14-00-08-1536x862-1-1024x575.jpg 1024w, https:\/\/archive.sana.sy\/tr\/wp-content\/uploads\/2025\/07\/photo_6_2025-07-20_14-00-08-1536x862-1-768x431.jpg 768w\" sizes=\"auto, (max-width: 1536px) 100vw, 1536px\" \/><\/a>\n\t\t\t<\/div><\/figure>\n\t\t<\/div>\n\n","protected":false},"excerpt":{"rendered":"<p>\u015eAM (SANA) &#8211; 13 Temmuz 2025 Pazar g\u00fcn\u00fc, Suriye Arap Cumhuriyeti Cumhurba\u015fkan\u0131 Say\u0131n Ahmed El \u015eara, Mart ay\u0131 ba\u015flar\u0131nda Suriye k\u0131y\u0131lar\u0131nda meydana gelen olaylar\u0131 soru\u015fturmakla g\u00f6revli Ba\u011f\u0131ms\u0131z Ulusal Komite&#8217;nin tam raporunu teslim ald\u0131. Cumhurba\u015fkanl\u0131\u011f\u0131 yapt\u0131\u011f\u0131 bas\u0131n a\u00e7\u0131klamas\u0131nda, bu komitenin, Suriye&#8217;nin k\u0131y\u0131lardaki olaylar veya kuzeyden g\u00fcneye di\u011fer olaylarla ilgili olarak, hi\u00e7bir ihlalin veya ger\u00e7e\u011fi karartma giri\u015fiminin &hellip;<\/p>\n","protected":false},"author":41,"featured_media":325987,"comment_status":"closed","ping_status":"closed","sticky":false,"template":"","format":"standard","meta":{"footnotes":""},"categories":[606,589,605,17988],"tags":[],"class_list":["post-325986","post","type-post","status-publish","format-standard","has-post-thumbnail","","category-cumhurbaskani","category-haber-seridi","category-sayin-cumhurbaskani","category-son-haberler"],"_links":{"self":[{"href":"https:\/\/archive.sana.sy\/tr\/index.php?rest_route=\/wp\/v2\/posts\/325986","targetHints":{"allow":["GET"]}}],"collection":[{"href":"https:\/\/archive.sana.sy\/tr\/index.php?rest_route=\/wp\/v2\/posts"}],"about":[{"href":"https:\/\/archive.sana.sy\/tr\/index.php?rest_route=\/wp\/v2\/types\/post"}],"author":[{"embeddable":true,"href":"https:\/\/archive.sana.sy\/tr\/index.php?rest_route=\/wp\/v2\/users\/41"}],"replies":[{"embeddable":true,"href":"https:\/\/archive.sana.sy\/tr\/index.php?rest_route=%2Fwp%2Fv2%2Fcomments&post=325986"}],"version-history":[{"count":2,"href":"https:\/\/archive.sana.sy\/tr\/index.php?rest_route=\/wp\/v2\/posts\/325986\/revisions"}],"predecessor-version":[{"id":325994,"href":"https:\/\/archive.sana.sy\/tr\/index.php?rest_route=\/wp\/v2\/posts\/325986\/revisions\/325994"}],"wp:featuredmedia":[{"embeddable":true,"href":"https:\/\/archive.sana.sy\/tr\/index.php?rest_route=\/wp\/v2\/media\/325987"}],"wp:attachment":[{"href":"https:\/\/archive.sana.sy\/tr\/index.php?rest_route=%2Fwp%2Fv2%2Fmedia&parent=325986"}],"wp:term":[{"taxonomy":"category","embeddable":true,"href":"https:\/\/archive.sana.sy\/tr\/index.php?rest_route=%2Fwp%2Fv2%2Fcategories&post=325986"},{"taxonomy":"post_tag","embeddable":true,"href":"https:\/\/archive.sana.sy\/tr\/index.php?rest_route=%2Fwp%2Fv2%2Ftags&post=325986"}],"curies":[{"name":"wp","href":"https:\/\/api.w.org\/{rel}","templated":true}]}}