{"id":325998,"date":"2025-07-20T16:26:34","date_gmt":"2025-07-20T13:26:34","guid":{"rendered":"https:\/\/sana.sy\/tr\/?p=325998"},"modified":"2025-07-24T08:52:08","modified_gmt":"2025-07-24T05:52:08","slug":"suriye-suveydaya-insani-yardim-konvoyunun-girisine-izin-verilmemesini-kinadi-ve-bunun-ciddi-guvenlik-sonuclari-doguracagi-uyarisinda-bulundu","status":"publish","type":"post","link":"https:\/\/archive.sana.sy\/tr\/?p=325998","title":{"rendered":"Suriye, S\u00fcveyda&#8217;ya \u0130nsani Yard\u0131m Konvoyunun giri\u015fine \u0130zin Verilmemesini K\u0131nad\u0131 Ve Bunun Ciddi G\u00fcvenlik Sonu\u00e7lar\u0131 Do\u011furaca\u011f\u0131 Uyar\u0131s\u0131nda Bulundu"},"content":{"rendered":"<p style=\"text-align: justify;\"><span style=\"color: #ff0000;\"><strong>\u015eAM (SANA)<\/strong> <\/span>\u2013 D\u0131\u015fi\u015fleri ve Gurbet\u00e7iler Bakanl\u0131\u011f\u0131, S\u00fcveyda&#8217;ya insani yard\u0131m konvoyunun giri\u015fine izin verilmemesini k\u0131nayan ve ciddi g\u00fcvenlik sonu\u00e7lar\u0131 konusunda uyaran bir a\u00e7\u0131klama yay\u0131mlad\u0131.<\/p>\n<p style=\"text-align: justify;\"><strong><span style=\"color: #0000ff;\">A\u00e7\u0131klaman\u0131n tam metni a\u015fa\u011f\u0131dad\u0131r:<\/span><\/strong><\/p>\n<p style=\"text-align: justify;\">\u2018\u2019\u00c7ar\u015famba g\u00fcn\u00fcn\u00fcn erken saatlerinden itibaren, S\u00fcveyda Valili\u011fi&#8217;nde gerginli\u011fin ve \u015fiddetin t\u0131rmanmas\u0131 ve \u0130srail&#8217;in Suriye topraklar\u0131na y\u00f6nelik sald\u0131rganl\u0131\u011f\u0131n\u0131n ard\u0131ndan ya\u015fanan trajik olaylar nedeniyle D\u0131\u015fi\u015fleri ve Gurbet\u00e7iler Bakanl\u0131\u011f\u0131, Acil Durum ve Afet Y\u00f6netimi Bakanl\u0131\u011f\u0131, Sa\u011fl\u0131k Bakanl\u0131\u011f\u0131, Sosyal \u0130\u015fler Bakanl\u0131\u011f\u0131 ve Dera ve S\u00fcveyda valileriyle koordinasyon halinde, uygun g\u00fcvenlik ko\u015fullar\u0131 sa\u011flan\u0131r sa\u011flanmaz insani yard\u0131m konvoyunu g\u00f6ndermek i\u00e7in gerekli haz\u0131rl\u0131klara ba\u015flam\u0131\u015ft\u0131r.<\/p>\n<p style=\"text-align: justify;\">\u00c7ar\u015famba g\u00fcn\u00fcnden bu yana tekrarlanan giri\u015fimlere ra\u011fmen, Suriye h\u00fck\u00fcmeti taraf\u0131ndan organize edilen konvoyun S\u00fcveyda Vilayeti&#8217;ne giri\u015fi engellendi. Bug\u00fcn, Hikmet El Haceri&#8217;ye ba\u011fl\u0131 yasad\u0131\u015f\u0131 silahl\u0131 milisler, \u00fc\u00e7 Suriye h\u00fck\u00fcmet bakan\u0131 ve bir valinin de yer ald\u0131\u011f\u0131 konvoyun giri\u015fini bir kez daha engelledi. Sadece s\u0131n\u0131rl\u0131 say\u0131da Suriye Arap K\u0131z\u0131lay\u0131 arac\u0131n\u0131n ge\u00e7i\u015fine izin verdiler. Konvoy, uluslararas\u0131 ve yerel kurulu\u015flar taraf\u0131ndan desteklenen t\u0131bbi malzeme ve temel insani yard\u0131m ta\u015f\u0131yor. Sa\u011fl\u0131k Bakanl\u0131\u011f\u0131, acil m\u00fcdahale kapsam\u0131nda 20 ambulans g\u00f6ndermi\u015fti, ancak ihtiya\u00e7 sahipleri i\u00e7in g\u00fcvenli ve engelsiz bir ge\u00e7i\u015f sa\u011flanana kadar bu ambulanslar\u0131n da giri\u015fi engellendi.<\/p>\n<p style=\"text-align: justify;\">Bakanl\u0131k, paralel olarak S\u00fcveyda Valili\u011fi&#8217;nde bulunan \u00e7ok say\u0131da insani yard\u0131m kurulu\u015fu ve uluslararas\u0131 kurulu\u015f \u00e7al\u0131\u015fan\u0131 ve i\u015f\u00e7isinin tahliyesini temin etmek ve g\u00fcvenliklerini sa\u011flamak amac\u0131yla ilgili makamlarla birlikte \u00e7al\u0131\u015ft\u0131.<br \/>\nD\u0131\u015fi\u015fleri Bakanl\u0131\u011f\u0131, t\u00fcm payda\u015flarla i\u015fbirli\u011fi yaparak haz\u0131rl\u0131k d\u00fczeyini y\u00fckseltmek, depolarda gerekli malzemelerin bulunmas\u0131n\u0131 sa\u011flamak ve uygun ko\u015fullar elverdi\u011finde insani yard\u0131m konvoylar\u0131n\u0131n en k\u0131sa s\u00fcrede yola \u00e7\u0131kmaya haz\u0131r olmas\u0131n\u0131 sa\u011flamak i\u00e7in her t\u00fcrl\u00fc \u00e7abay\u0131 g\u00f6stermektedir.<\/p>\n<p style=\"text-align: justify;\">Bakanl\u0131k, k\u00f6t\u00fcle\u015fen g\u00fcvenlik durumunun, \u0130srail&#8217;in a\u00e7\u0131k m\u00fcdahalesi ve Suriye g\u00fcvenlik g\u00fc\u00e7lerinin geri \u00e7ekilmesinin do\u011frudan bir sonucu oldu\u011funu ve bunun b\u00f6lgede d\u00fczen ve istikrar\u0131 sa\u011flama yetene\u011finin kayb\u0131na yol a\u00e7t\u0131\u011f\u0131n\u0131, ayr\u0131ca insani yard\u0131m \u00e7al\u0131\u015fmalar\u0131n\u0131n s\u00fcrd\u00fcr\u00fclmesi ve sivil halk\u0131n temel ihtiya\u00e7lar\u0131n\u0131n kar\u015f\u0131lanmas\u0131 i\u00e7in uygun ko\u015fullar\u0131n yarat\u0131lmas\u0131 yetene\u011finin kayboldu\u011funu teyit etmektedir.<\/p>\n<p style=\"text-align: justify;\">Bakanl\u0131k ayr\u0131ca, d\u00f6rt g\u00fcn \u00f6nce silahl\u0131 milisler taraf\u0131ndan ka\u00e7\u0131r\u0131lan S\u00fcveyda Valili\u011fi Sivil Savunma Merkezi Ba\u015fkan\u0131&#8217;n\u0131n s\u00fcrekli ortadan kaybolmas\u0131ndan derin endi\u015fe duydu\u011funu ifade etmektedir. Ak\u0131beti ve durumu hen\u00fcz bilinmemektedir.<\/p>\n<p style=\"text-align: justify;\">D\u0131\u015fi\u015fleri ve Gurbet\u00e7iler Bakanl\u0131\u011f\u0131, \u00e7abalar\u0131n\u0131n durmayaca\u011f\u0131n\u0131 vurgulamaktad\u0131r. S\u00fcveyda&#8217;daki halk\u0131m\u0131za gerekli t\u00fcm yard\u0131mlar ula\u015ft\u0131r\u0131lana ve t\u00fcm sakinler ile yerinden edilmi\u015f ki\u015filer g\u00fcvenli bir \u015fekilde evlerine d\u00f6nene kadar, yerel ve uluslararas\u0131 ortaklarla koordinasyon i\u00e7inde geli\u015fmeleri yak\u0131ndan izlemeye devam edecektir.\u2019\u2019<\/p>\n","protected":false},"excerpt":{"rendered":"<p>\u015eAM (SANA) \u2013 D\u0131\u015fi\u015fleri ve Gurbet\u00e7iler Bakanl\u0131\u011f\u0131, S\u00fcveyda&#8217;ya insani yard\u0131m konvoyunun giri\u015fine izin verilmemesini k\u0131nayan ve ciddi g\u00fcvenlik sonu\u00e7lar\u0131 konusunda uyaran bir a\u00e7\u0131klama yay\u0131mlad\u0131. A\u00e7\u0131klaman\u0131n tam metni a\u015fa\u011f\u0131dad\u0131r: \u2018\u2019\u00c7ar\u015famba g\u00fcn\u00fcn\u00fcn erken saatlerinden itibaren, S\u00fcveyda Valili\u011fi&#8217;nde gerginli\u011fin ve \u015fiddetin t\u0131rmanmas\u0131 ve \u0130srail&#8217;in Suriye topraklar\u0131na y\u00f6nelik sald\u0131rganl\u0131\u011f\u0131n\u0131n ard\u0131ndan ya\u015fanan trajik olaylar nedeniyle D\u0131\u015fi\u015fleri ve Gurbet\u00e7iler Bakanl\u0131\u011f\u0131, Acil &hellip;<\/p>\n","protected":false},"author":41,"featured_media":326002,"comment_status":"closed","ping_status":"closed","sticky":false,"template":"","format":"standard","meta":{"footnotes":""},"categories":[479,17988,478],"tags":[],"class_list":["post-325998","post","type-post","status-publish","format-standard","has-post-thumbnail","","category-haberler-yerel","category-son-haberler","category-yerel"],"_links":{"self":[{"href":"https:\/\/archive.sana.sy\/tr\/index.php?rest_route=\/wp\/v2\/posts\/325998","targetHints":{"allow":["GET"]}}],"collection":[{"href":"https:\/\/archive.sana.sy\/tr\/index.php?rest_route=\/wp\/v2\/posts"}],"about":[{"href":"https:\/\/archive.sana.sy\/tr\/index.php?rest_route=\/wp\/v2\/types\/post"}],"author":[{"embeddable":true,"href":"https:\/\/archive.sana.sy\/tr\/index.php?rest_route=\/wp\/v2\/users\/41"}],"replies":[{"embeddable":true,"href":"https:\/\/archive.sana.sy\/tr\/index.php?rest_route=%2Fwp%2Fv2%2Fcomments&post=325998"}],"version-history":[{"count":2,"href":"https:\/\/archive.sana.sy\/tr\/index.php?rest_route=\/wp\/v2\/posts\/325998\/revisions"}],"predecessor-version":[{"id":326001,"href":"https:\/\/archive.sana.sy\/tr\/index.php?rest_route=\/wp\/v2\/posts\/325998\/revisions\/326001"}],"wp:featuredmedia":[{"embeddable":true,"href":"https:\/\/archive.sana.sy\/tr\/index.php?rest_route=\/wp\/v2\/media\/326002"}],"wp:attachment":[{"href":"https:\/\/archive.sana.sy\/tr\/index.php?rest_route=%2Fwp%2Fv2%2Fmedia&parent=325998"}],"wp:term":[{"taxonomy":"category","embeddable":true,"href":"https:\/\/archive.sana.sy\/tr\/index.php?rest_route=%2Fwp%2Fv2%2Fcategories&post=325998"},{"taxonomy":"post_tag","embeddable":true,"href":"https:\/\/archive.sana.sy\/tr\/index.php?rest_route=%2Fwp%2Fv2%2Ftags&post=325998"}],"curies":[{"name":"wp","href":"https:\/\/api.w.org\/{rel}","templated":true}]}}