{"id":326003,"date":"2025-07-20T17:52:29","date_gmt":"2025-07-20T14:52:29","guid":{"rendered":"https:\/\/sana.sy\/tr\/?p=326003"},"modified":"2025-07-20T17:52:29","modified_gmt":"2025-07-20T14:52:29","slug":"suriye-ve-almanya-mesleki-ve-teknik-egitimin-gelistirilmesini-gorustu","status":"publish","type":"post","link":"https:\/\/archive.sana.sy\/tr\/?p=326003","title":{"rendered":"Suriye ve Almanya Mesleki ve Teknik E\u011fitimin Geli\u015ftirilmesini G\u00f6r\u00fc\u015ft\u00fc"},"content":{"rendered":"<p style=\"text-align: justify;\"><strong><span style=\"color: #ff0000;\">\u015eAM (SANA)<\/span> &#8211; <\/strong>\u00a0Suriye E\u011fitim Bakan Yard\u0131mc\u0131s\u0131 Yusuf Anan, bug\u00fcn Almanya&#8217;n\u0131n Suriye\u2019deki Uluslararas\u0131 \u0130\u015f Birli\u011fi Kurumu GIZ&#8217;in Ba\u015fkan\u0131 Tanja Lohmann ve beraberindeki heyetle bir araya gelerek, Suriye&#8217;deki mesleki ve teknik e\u011fitimin mevcut durumu ile bu alan\u0131n geli\u015ftirilmesine y\u00f6nelik mekanizmalar\u0131 ele ald\u0131.<\/p>\n<p style=\"text-align: justify;\">Ba\u015fkent \u015eam\u2019da bakanl\u0131k binas\u0131nda ger\u00e7ekle\u015ftirilen toplant\u0131da, mesleki ve teknik e\u011fitimin geli\u015ftirilmesine y\u00f6nelik <img loading=\"lazy\" decoding=\"async\" class=\"size-full wp-image-326005 alignright\" src=\"http:\/\/sana.sy\/tr\/wp-content\/uploads\/2025\/07\/22222-300x168-1.png\" alt=\"\" width=\"300\" height=\"168\" \/>ortak planlar do\u011frultusunda i\u015f birli\u011fi olanaklar\u0131 ve GIZ&#8217;in sundu\u011fu deneyim ve programlardan nas\u0131l faydalan\u0131labilece\u011fi tart\u0131\u015f\u0131ld\u0131.<\/p>\n<p style=\"text-align: justify;\">Anan, E\u011fitim Bakanl\u0131\u011f\u0131\u2019n\u0131n mesleki e\u011fitimin geli\u015ftirilmesine verdi\u011fi \u00f6neme dikkat \u00e7ekerek, Almanya h\u00fck\u00fcmeti ve GIZ ile teknik ve mesleki deneyimlerin payla\u015f\u0131lmas\u0131 ve i\u015f birli\u011finin g\u00fc\u00e7lendirilmesinin, Suriye&#8217;deki mesleki ve teknik e\u011fitimin ilerletilmesine katk\u0131 sa\u011flayaca\u011f\u0131n\u0131 belirtti.<\/p>\n<p style=\"text-align: justify;\">Anan ayr\u0131ca, mesleki e\u011fitim sekt\u00f6r\u00fcn\u00fcn i\u015f g\u00fcc\u00fcn\u00fcn nitelikli hale getirilmesinde ve i\u015f g\u00fcc\u00fc piyasas\u0131n\u0131n ihtiya\u00e7lar\u0131n\u0131n kar\u015f\u0131lanmas\u0131nda hayati bir rol oynad\u0131\u011f\u0131n\u0131 vurgulayarak, ulusal kalk\u0131nma ihtiya\u00e7lar\u0131na uygun olarak programlar\u0131n \u00e7e\u015fitlendirilmesinin ve geli\u015ftirilmesinin, ekonomik ve sosyal istikrar\u0131 peki\u015ftirece\u011fini ifade etti.<\/p>\n<p style=\"text-align: justify;\">Tanja Lohmann ise toplant\u0131n\u0131n amac\u0131n\u0131n, \u00f6n\u00fcm\u00fczdeki d\u00f6nemde mesleki ve teknik e\u011fitim alan\u0131nda Bakanl\u0131k ile birlikte \u00e7al\u0131\u015fma \u00f6nceliklerinin belirlenmesi oldu\u011funu ifade etti. Lohmann, Alman ve Suriyeli uzmanlar aras\u0131nda g\u00f6r\u00fc\u015f al\u0131\u015fveri\u015fi ve i\u015f birli\u011finin \u00f6nemine de\u011finerek, Almanya h\u00fck\u00fcmetinin Suriye\u2019deki mesleki ve teknik e\u011fitime verdi\u011fi deste\u011fin alt\u0131n\u0131 \u00e7izdi.<\/p>\n<p style=\"text-align: justify;\">Toplant\u0131da ayr\u0131ca E\u011fitim Bakanl\u0131\u011f\u0131 Mesleki ve Teknik E\u011fitim M\u00fcd\u00fcr\u00fc Muhammed Abdulhamid, mesleki e\u011fitimin mevcut durumu, kar\u015f\u0131la\u015f\u0131lan zorluklar ve mesleklerin Suriye genelindeki illere g\u00f6re da\u011f\u0131l\u0131m\u0131n\u0131 g\u00f6steren veriler ve istatistikler hakk\u0131nda bir sunum yapt\u0131.<\/p>\n<p style=\"text-align: justify;\">\n","protected":false},"excerpt":{"rendered":"<p>\u015eAM (SANA) &#8211; \u00a0Suriye E\u011fitim Bakan Yard\u0131mc\u0131s\u0131 Yusuf Anan, bug\u00fcn Almanya&#8217;n\u0131n Suriye\u2019deki Uluslararas\u0131 \u0130\u015f Birli\u011fi Kurumu GIZ&#8217;in Ba\u015fkan\u0131 Tanja Lohmann ve beraberindeki heyetle bir araya gelerek, Suriye&#8217;deki mesleki ve teknik e\u011fitimin mevcut durumu ile bu alan\u0131n geli\u015ftirilmesine y\u00f6nelik mekanizmalar\u0131 ele ald\u0131. Ba\u015fkent \u015eam\u2019da bakanl\u0131k binas\u0131nda ger\u00e7ekle\u015ftirilen toplant\u0131da, mesleki ve teknik e\u011fitimin geli\u015ftirilmesine y\u00f6nelik ortak planlar &hellip;<\/p>\n","protected":false},"author":41,"featured_media":326004,"comment_status":"closed","ping_status":"closed","sticky":false,"template":"","format":"standard","meta":{"footnotes":""},"categories":[589,479,17988,478],"tags":[],"class_list":["post-326003","post","type-post","status-publish","format-standard","has-post-thumbnail","","category-haber-seridi","category-haberler-yerel","category-son-haberler","category-yerel"],"_links":{"self":[{"href":"https:\/\/archive.sana.sy\/tr\/index.php?rest_route=\/wp\/v2\/posts\/326003","targetHints":{"allow":["GET"]}}],"collection":[{"href":"https:\/\/archive.sana.sy\/tr\/index.php?rest_route=\/wp\/v2\/posts"}],"about":[{"href":"https:\/\/archive.sana.sy\/tr\/index.php?rest_route=\/wp\/v2\/types\/post"}],"author":[{"embeddable":true,"href":"https:\/\/archive.sana.sy\/tr\/index.php?rest_route=\/wp\/v2\/users\/41"}],"replies":[{"embeddable":true,"href":"https:\/\/archive.sana.sy\/tr\/index.php?rest_route=%2Fwp%2Fv2%2Fcomments&post=326003"}],"version-history":[{"count":1,"href":"https:\/\/archive.sana.sy\/tr\/index.php?rest_route=\/wp\/v2\/posts\/326003\/revisions"}],"predecessor-version":[{"id":326006,"href":"https:\/\/archive.sana.sy\/tr\/index.php?rest_route=\/wp\/v2\/posts\/326003\/revisions\/326006"}],"wp:featuredmedia":[{"embeddable":true,"href":"https:\/\/archive.sana.sy\/tr\/index.php?rest_route=\/wp\/v2\/media\/326004"}],"wp:attachment":[{"href":"https:\/\/archive.sana.sy\/tr\/index.php?rest_route=%2Fwp%2Fv2%2Fmedia&parent=326003"}],"wp:term":[{"taxonomy":"category","embeddable":true,"href":"https:\/\/archive.sana.sy\/tr\/index.php?rest_route=%2Fwp%2Fv2%2Fcategories&post=326003"},{"taxonomy":"post_tag","embeddable":true,"href":"https:\/\/archive.sana.sy\/tr\/index.php?rest_route=%2Fwp%2Fv2%2Ftags&post=326003"}],"curies":[{"name":"wp","href":"https:\/\/api.w.org\/{rel}","templated":true}]}}