{"id":326008,"date":"2025-07-20T19:02:59","date_gmt":"2025-07-20T16:02:59","guid":{"rendered":"https:\/\/sana.sy\/tr\/?p=326008"},"modified":"2025-07-20T19:02:59","modified_gmt":"2025-07-20T16:02:59","slug":"birlesik-krallikin-suriye-ozel-temsilcisi-kiyi-olaylari-hakkindaki-inceleme-raporu-tum-suclarin-hesaba-katilacagi-mesajini-veriyor","status":"publish","type":"post","link":"https:\/\/archive.sana.sy\/tr\/?p=326008","title":{"rendered":"Birle\u015fik Krall\u0131k&#8217;\u0131n Suriye \u00d6zel Temsilcisi: K\u0131y\u0131 Olaylar\u0131 Hakk\u0131ndaki \u0130nceleme Raporu, T\u00fcm Su\u00e7lar\u0131n Hesaba Kat\u0131laca\u011f\u0131 Mesaj\u0131n\u0131 Veriyor"},"content":{"rendered":"<p style=\"text-align: justify;\"><span style=\"color: #ff0000;\"><strong>LONDRA (SANA) &#8211;<\/strong> <\/span>Birle\u015fik Krall\u0131k&#8217;\u0131n Suriye \u00d6zel Temsilcisi Anna Snow, ge\u00e7en Mart ay\u0131nda Suriye k\u0131y\u0131s\u0131nda ya\u015fanan olaylara ili\u015fkin ger\u00e7ekleri ara\u015ft\u0131ran komitenin raporunun yay\u0131mlanmas\u0131n\u0131n, Suriye\u2019de ger\u00e7ekle\u015fen t\u00fcm su\u00e7lar\u0131n, g\u00fcneyde olanlar da dahil olmak \u00fczere, hesab\u0131n\u0131n sorulaca\u011f\u0131na dair bir mesaj oldu\u011funu belirtti.<\/p>\n<p style=\"text-align: justify;\">Snow, bug\u00fcn (X) platform sayfas\u0131nda payla\u015ft\u0131\u011f\u0131 a\u00e7\u0131klamada, \u201cBenim \u00e7\u0131kard\u0131\u011f\u0131m sonu\u00e7, g\u00fcneyde \u015fu anda i\u015flenenler de dahil olmak \u00fczere t\u00fcm su\u00e7lar\u0131n hesab\u0131n\u0131n sorulaca\u011f\u0131na dair a\u00e7\u0131k bir mesajd\u0131r.\u201d dedi. Ayr\u0131ca, \u201cT\u00fcm Suriyelilerin korunmas\u0131 ve t\u00fcm sorumlular\u0131n yapt\u0131klar\u0131ndan hesap vermesi gerekmektedir.\u201d ifadelerini kulland\u0131.<\/p>\n","protected":false},"excerpt":{"rendered":"<p>LONDRA (SANA) &#8211; Birle\u015fik Krall\u0131k&#8217;\u0131n Suriye \u00d6zel Temsilcisi Anna Snow, ge\u00e7en Mart ay\u0131nda Suriye k\u0131y\u0131s\u0131nda ya\u015fanan olaylara ili\u015fkin ger\u00e7ekleri ara\u015ft\u0131ran komitenin raporunun yay\u0131mlanmas\u0131n\u0131n, Suriye\u2019de ger\u00e7ekle\u015fen t\u00fcm su\u00e7lar\u0131n, g\u00fcneyde olanlar da dahil olmak \u00fczere, hesab\u0131n\u0131n sorulaca\u011f\u0131na dair bir mesaj oldu\u011funu belirtti. Snow, bug\u00fcn (X) platform sayfas\u0131nda payla\u015ft\u0131\u011f\u0131 a\u00e7\u0131klamada, \u201cBenim \u00e7\u0131kard\u0131\u011f\u0131m sonu\u00e7, g\u00fcneyde \u015fu anda i\u015flenenler de &hellip;<\/p>\n","protected":false},"author":41,"featured_media":325892,"comment_status":"closed","ping_status":"closed","sticky":false,"template":"","format":"standard","meta":{"footnotes":""},"categories":[458,589,459,17988],"tags":[],"class_list":["post-326008","post","type-post","status-publish","format-standard","has-post-thumbnail","","category-dunya1","category-haber-seridi","category-haberler-arap-uluslararasi-politika","category-son-haberler"],"_links":{"self":[{"href":"https:\/\/archive.sana.sy\/tr\/index.php?rest_route=\/wp\/v2\/posts\/326008","targetHints":{"allow":["GET"]}}],"collection":[{"href":"https:\/\/archive.sana.sy\/tr\/index.php?rest_route=\/wp\/v2\/posts"}],"about":[{"href":"https:\/\/archive.sana.sy\/tr\/index.php?rest_route=\/wp\/v2\/types\/post"}],"author":[{"embeddable":true,"href":"https:\/\/archive.sana.sy\/tr\/index.php?rest_route=\/wp\/v2\/users\/41"}],"replies":[{"embeddable":true,"href":"https:\/\/archive.sana.sy\/tr\/index.php?rest_route=%2Fwp%2Fv2%2Fcomments&post=326008"}],"version-history":[{"count":1,"href":"https:\/\/archive.sana.sy\/tr\/index.php?rest_route=\/wp\/v2\/posts\/326008\/revisions"}],"predecessor-version":[{"id":326009,"href":"https:\/\/archive.sana.sy\/tr\/index.php?rest_route=\/wp\/v2\/posts\/326008\/revisions\/326009"}],"wp:featuredmedia":[{"embeddable":true,"href":"https:\/\/archive.sana.sy\/tr\/index.php?rest_route=\/wp\/v2\/media\/325892"}],"wp:attachment":[{"href":"https:\/\/archive.sana.sy\/tr\/index.php?rest_route=%2Fwp%2Fv2%2Fmedia&parent=326008"}],"wp:term":[{"taxonomy":"category","embeddable":true,"href":"https:\/\/archive.sana.sy\/tr\/index.php?rest_route=%2Fwp%2Fv2%2Fcategories&post=326008"},{"taxonomy":"post_tag","embeddable":true,"href":"https:\/\/archive.sana.sy\/tr\/index.php?rest_route=%2Fwp%2Fv2%2Ftags&post=326008"}],"curies":[{"name":"wp","href":"https:\/\/api.w.org\/{rel}","templated":true}]}}