{"id":326010,"date":"2025-07-20T19:06:10","date_gmt":"2025-07-20T16:06:10","guid":{"rendered":"https:\/\/sana.sy\/tr\/?p=326010"},"modified":"2025-07-20T19:11:34","modified_gmt":"2025-07-20T16:11:34","slug":"abdnin-suriye-ozel-temsilcisi-suveydede-dusmanca-eylemlerin-kontrol-altina-alinmasi-siddetin-durdurulmasi-ve-masumlarin-korunmasiyla-mumkun-olacak","status":"publish","type":"post","link":"https:\/\/archive.sana.sy\/tr\/?p=326010","title":{"rendered":"ABD\u2019nin Suriye \u00d6zel Temsilcisi: S\u00fcveyde\u2019de D\u00fc\u015fmanca Eylemlerin Kontrol Alt\u0131na Al\u0131nmas\u0131 \u015eiddetin Durdurulmas\u0131 Ve Masumlar\u0131n Korunmas\u0131yla M\u00fcmk\u00fcn Olacak"},"content":{"rendered":"<p style=\"text-align: justify;\"><span style=\"color: #ff0000;\"><strong>ANKARA (SANA) &#8211;<\/strong><\/span> ABD\u2019nin Suriye \u00d6zel Temsilcisi Thomas Barrack, t\u00fcm taraflar\u0131n \u015eam saati ile ak\u015fam saat 17:00\u2019ye kadar S\u00fcveyde vilayetinde ate\u015fkes konusunda anla\u015ft\u0131\u011f\u0131n\u0131 vurgulad\u0131.<\/p>\n<p style=\"text-align: justify;\">Barrack, (X) platformundan yapt\u0131\u011f\u0131 payla\u015f\u0131mda, d\u00fc\u015fmanca eylemlerin ancak \u015fiddetin durdurulmas\u0131, masumlar\u0131n korunmas\u0131 ve yard\u0131mlar\u0131n S\u00fcveyde\u2019ye ula\u015ft\u0131r\u0131lmas\u0131 konusunda var\u0131lacak bir anla\u015fmayla kontrol alt\u0131na al\u0131nabilece\u011fini belirtti.<\/p>\n<p style=\"text-align: justify;\">Barrack ayr\u0131ca kal\u0131c\u0131 ate\u015fkesin temelinin, \u015fu anda uygulanmakta olan tutuklular\u0131n tam takas\u0131 oldu\u011funu vurgulad\u0131.<\/p>\n","protected":false},"excerpt":{"rendered":"<p>ANKARA (SANA) &#8211; ABD\u2019nin Suriye \u00d6zel Temsilcisi Thomas Barrack, t\u00fcm taraflar\u0131n \u015eam saati ile ak\u015fam saat 17:00\u2019ye kadar S\u00fcveyde vilayetinde ate\u015fkes konusunda anla\u015ft\u0131\u011f\u0131n\u0131 vurgulad\u0131. Barrack, (X) platformundan yapt\u0131\u011f\u0131 payla\u015f\u0131mda, d\u00fc\u015fmanca eylemlerin ancak \u015fiddetin durdurulmas\u0131, masumlar\u0131n korunmas\u0131 ve yard\u0131mlar\u0131n S\u00fcveyde\u2019ye ula\u015ft\u0131r\u0131lmas\u0131 konusunda var\u0131lacak bir anla\u015fmayla kontrol alt\u0131na al\u0131nabilece\u011fini belirtti. Barrack ayr\u0131ca kal\u0131c\u0131 ate\u015fkesin temelinin, \u015fu anda &hellip;<\/p>\n","protected":false},"author":41,"featured_media":325143,"comment_status":"closed","ping_status":"closed","sticky":false,"template":"","format":"standard","meta":{"footnotes":""},"categories":[458,459,17988],"tags":[],"class_list":["post-326010","post","type-post","status-publish","format-standard","has-post-thumbnail","","category-dunya1","category-haberler-arap-uluslararasi-politika","category-son-haberler"],"_links":{"self":[{"href":"https:\/\/archive.sana.sy\/tr\/index.php?rest_route=\/wp\/v2\/posts\/326010","targetHints":{"allow":["GET"]}}],"collection":[{"href":"https:\/\/archive.sana.sy\/tr\/index.php?rest_route=\/wp\/v2\/posts"}],"about":[{"href":"https:\/\/archive.sana.sy\/tr\/index.php?rest_route=\/wp\/v2\/types\/post"}],"author":[{"embeddable":true,"href":"https:\/\/archive.sana.sy\/tr\/index.php?rest_route=\/wp\/v2\/users\/41"}],"replies":[{"embeddable":true,"href":"https:\/\/archive.sana.sy\/tr\/index.php?rest_route=%2Fwp%2Fv2%2Fcomments&post=326010"}],"version-history":[{"count":2,"href":"https:\/\/archive.sana.sy\/tr\/index.php?rest_route=\/wp\/v2\/posts\/326010\/revisions"}],"predecessor-version":[{"id":326012,"href":"https:\/\/archive.sana.sy\/tr\/index.php?rest_route=\/wp\/v2\/posts\/326010\/revisions\/326012"}],"wp:featuredmedia":[{"embeddable":true,"href":"https:\/\/archive.sana.sy\/tr\/index.php?rest_route=\/wp\/v2\/media\/325143"}],"wp:attachment":[{"href":"https:\/\/archive.sana.sy\/tr\/index.php?rest_route=%2Fwp%2Fv2%2Fmedia&parent=326010"}],"wp:term":[{"taxonomy":"category","embeddable":true,"href":"https:\/\/archive.sana.sy\/tr\/index.php?rest_route=%2Fwp%2Fv2%2Fcategories&post=326010"},{"taxonomy":"post_tag","embeddable":true,"href":"https:\/\/archive.sana.sy\/tr\/index.php?rest_route=%2Fwp%2Fv2%2Ftags&post=326010"}],"curies":[{"name":"wp","href":"https:\/\/api.w.org\/{rel}","templated":true}]}}