{"id":326013,"date":"2025-07-20T19:04:12","date_gmt":"2025-07-20T16:04:12","guid":{"rendered":"https:\/\/sana.sy\/tr\/?p=326013"},"modified":"2025-07-20T19:49:28","modified_gmt":"2025-07-20T16:49:28","slug":"hikmet-el-hecriye-bagli-silahli-gruplar-suveydaya-giris-yapan-tibbi-ve-gida-yardimlarini-engelledi","status":"publish","type":"post","link":"https:\/\/archive.sana.sy\/tr\/?p=326013","title":{"rendered":"Hikmet El Hecri&#8217;ye Ba\u011fl\u0131 Silahl\u0131 Gruplar, S\u00fcveyda\u2019ya Giri\u015f Yapan T\u0131bbi ve G\u0131da Yard\u0131mlar\u0131n\u0131 Engelledi"},"content":{"rendered":"<p style=\"text-align: justify;\"><span style=\"color: #ff0000;\"><strong>\u015eAM (SANA) &#8211;<\/strong>\u00a0<\/span> H\u00fck\u00fcmet taraf\u0131ndan S\u00fcveyda\u2019daki halk\u0131 desteklemek amac\u0131yla haz\u0131rlanan insani yard\u0131m konvoyunun, halk\u0131n acil ihtiya\u00e7lar\u0131na ra\u011fmen kente giri\u015fi engellendi.<br \/>\nKonvoya, yasa d\u0131\u015f\u0131 silahl\u0131 gruplar\u0131yla birlikte hareket eden Hikmet El Hecri taraf\u0131ndan izin verilmedi. Yard\u0131m konvoyuna, \u00fc\u00e7 bakandan ve vali e\u015fli\u011finde gelen resmi heyet de e\u015flik ediyordu.<\/p>\n<p style=\"text-align: justify;\">Vatanda\u015flara ula\u015ft\u0131r\u0131lmas\u0131 engellenen konvoy; t\u0131bbi yard\u0131mlar, insani yard\u0131m malzemeleri, bebek mamas\u0131, tam donan\u0131ml\u0131 20 ambulans, uzman sa\u011fl\u0131k ekipleri, b\u00fcy\u00fck miktarda ila\u00e7 ve acil yard\u0131m malzemeleri i\u00e7eriyordu.<\/p>\n<p style=\"text-align: justify;\">Sa\u011fl\u0131k Bakanl\u0131\u011f\u0131 Medya Ofisi M\u00fcd\u00fcr\u00fc Ahmed El Abdullah, SANA\u2019ya yapt\u0131\u011f\u0131 a\u00e7\u0131klamada, konvoyun bu sabah S\u00fcveyda\u2019ya do\u011fru yola \u00e7\u0131kt\u0131\u011f\u0131n\u0131 ancak Hikmet El Hecri taraf\u0131ndan geri \u00e7evrildi\u011fini ve yaln\u0131zca Suriye Arap K\u0131z\u0131lay\u0131\u2019na giri\u015f izni verildi\u011fini belirtti.<\/p>\n<p style=\"text-align: justify;\">Abdullah, insani sorumluluk ve sivil halka yard\u0131m ula\u015ft\u0131rma \u00e7er\u00e7evesinde h\u00fck\u00fcmet heyetinin K\u0131z\u0131lay\u2019\u0131n yard\u0131m malzemeleriyle birlikte giri\u015fine izin verdi\u011fini, ard\u0131ndan Sa\u011fl\u0131k, Sosyal \u0130\u015fler ve \u00c7al\u0131\u015fma ile Acil Durum ve Afet Y\u00f6netimi Bakanl\u0131klar\u0131ndan olu\u015fan heyetin yard\u0131m konvoyuyla birlikte \u015eam\u2019a geri d\u00f6nd\u00fc\u011f\u00fcn\u00fc aktard\u0131.<\/p>\n<p style=\"text-align: justify;\">Bug\u00fcnk\u00fc yard\u0131m konvoyunun engellenmesi ilk kez ya\u015fanan bir durum de\u011fil. Ge\u00e7ti\u011fimiz \u00c7ar\u015famba g\u00fcn\u00fcnden bu yana, S\u00fcveyda\u2019daki gerginli\u011fin artmas\u0131, \u015fiddet olaylar\u0131n\u0131n patlak vermesi ve Suriye topraklar\u0131na y\u00f6nelik \u0130srail sald\u0131r\u0131s\u0131n\u0131n ard\u0131ndan ya\u015fanan trajik geli\u015fmeler nedeniyle, h\u00fck\u00fcmet Dera ve S\u00fcveyda valilikleriyle koordinasyon i\u00e7inde bir yard\u0131m konvoyu haz\u0131rlam\u0131\u015f, ancak g\u00fcvenlik ko\u015fullar\u0131n\u0131n sa\u011flanmas\u0131na ra\u011fmen konvoyun kente giri\u015fi o zaman da engellenmi\u015fti.<\/p>\n<p style=\"text-align: justify;\">T\u00fcm engellemelere ra\u011fmen Suriye h\u00fck\u00fcmeti, S\u00fcveyda\u2019daki halka yard\u0131m ula\u015ft\u0131rmak ve temel hizmetleri sa\u011flamak i\u00e7in \u00e7abalar\u0131n\u0131 s\u00fcrd\u00fcrmektedir. D\u0131\u015fi\u015fleri Bakanl\u0131\u011f\u0131, yerel ve uluslararas\u0131 ortaklarla koordinasyonun s\u00fcrd\u00fc\u011f\u00fcn\u00fc, gerekli t\u00fcm yard\u0131mlar\u0131n S\u00fcveyda halk\u0131na ula\u015ft\u0131r\u0131lmas\u0131 ve yerinden edilen t\u00fcm ki\u015filerin g\u00fcvenli \u015fekilde evlerine d\u00f6nmesinin sa\u011flanmas\u0131 i\u00e7in \u00e7al\u0131\u015fmalara devam edildi\u011fini vurgulad\u0131.<\/p>\n<p style=\"text-align: justify;\">Suriye D\u0131\u015fi\u015fleri Bakanl\u0131\u011f\u0131, bug\u00fcn yapt\u0131\u011f\u0131 a\u00e7\u0131klamada insani yard\u0131m konvoyunun S\u00fcveyda\u2019ya giri\u015finin engellenmesini k\u0131nayarak, bu durumun sivil halk\u0131n temel ihtiya\u00e7lar\u0131n\u0131n kar\u015f\u0131lanmas\u0131 ve insani yard\u0131m \u00e7al\u0131\u015fmalar\u0131n\u0131n devam\u0131 a\u00e7\u0131s\u0131ndan ciddi g\u00fcvenlik sonu\u00e7lar\u0131 do\u011furabilece\u011fi uyar\u0131s\u0131nda bulundu.<\/p>\n","protected":false},"excerpt":{"rendered":"<p>\u015eAM (SANA) &#8211;\u00a0 H\u00fck\u00fcmet taraf\u0131ndan S\u00fcveyda\u2019daki halk\u0131 desteklemek amac\u0131yla haz\u0131rlanan insani yard\u0131m konvoyunun, halk\u0131n acil ihtiya\u00e7lar\u0131na ra\u011fmen kente giri\u015fi engellendi. Konvoya, yasa d\u0131\u015f\u0131 silahl\u0131 gruplar\u0131yla birlikte hareket eden Hikmet El Hecri taraf\u0131ndan izin verilmedi. Yard\u0131m konvoyuna, \u00fc\u00e7 bakandan ve vali e\u015fli\u011finde gelen resmi heyet de e\u015flik ediyordu. Vatanda\u015flara ula\u015ft\u0131r\u0131lmas\u0131 engellenen konvoy; t\u0131bbi yard\u0131mlar, insani yard\u0131m &hellip;<\/p>\n","protected":false},"author":41,"featured_media":326014,"comment_status":"closed","ping_status":"closed","sticky":false,"template":"","format":"standard","meta":{"footnotes":""},"categories":[589,17988,478],"tags":[],"class_list":["post-326013","post","type-post","status-publish","format-standard","has-post-thumbnail","","category-haber-seridi","category-son-haberler","category-yerel"],"_links":{"self":[{"href":"https:\/\/archive.sana.sy\/tr\/index.php?rest_route=\/wp\/v2\/posts\/326013","targetHints":{"allow":["GET"]}}],"collection":[{"href":"https:\/\/archive.sana.sy\/tr\/index.php?rest_route=\/wp\/v2\/posts"}],"about":[{"href":"https:\/\/archive.sana.sy\/tr\/index.php?rest_route=\/wp\/v2\/types\/post"}],"author":[{"embeddable":true,"href":"https:\/\/archive.sana.sy\/tr\/index.php?rest_route=\/wp\/v2\/users\/41"}],"replies":[{"embeddable":true,"href":"https:\/\/archive.sana.sy\/tr\/index.php?rest_route=%2Fwp%2Fv2%2Fcomments&post=326013"}],"version-history":[{"count":1,"href":"https:\/\/archive.sana.sy\/tr\/index.php?rest_route=\/wp\/v2\/posts\/326013\/revisions"}],"predecessor-version":[{"id":326015,"href":"https:\/\/archive.sana.sy\/tr\/index.php?rest_route=\/wp\/v2\/posts\/326013\/revisions\/326015"}],"wp:featuredmedia":[{"embeddable":true,"href":"https:\/\/archive.sana.sy\/tr\/index.php?rest_route=\/wp\/v2\/media\/326014"}],"wp:attachment":[{"href":"https:\/\/archive.sana.sy\/tr\/index.php?rest_route=%2Fwp%2Fv2%2Fmedia&parent=326013"}],"wp:term":[{"taxonomy":"category","embeddable":true,"href":"https:\/\/archive.sana.sy\/tr\/index.php?rest_route=%2Fwp%2Fv2%2Fcategories&post=326013"},{"taxonomy":"post_tag","embeddable":true,"href":"https:\/\/archive.sana.sy\/tr\/index.php?rest_route=%2Fwp%2Fv2%2Ftags&post=326013"}],"curies":[{"name":"wp","href":"https:\/\/api.w.org\/{rel}","templated":true}]}}