{"id":326016,"date":"2025-07-20T20:31:36","date_gmt":"2025-07-20T17:31:36","guid":{"rendered":"https:\/\/sana.sy\/tr\/?p=326016"},"modified":"2025-07-20T20:31:36","modified_gmt":"2025-07-20T17:31:36","slug":"sivil-savunma-suveydede-iletisimi-kesilen-acil-mudahale-merkezi-baskaninin-serbest-birakilmasi-talebini-yeniledi","status":"publish","type":"post","link":"https:\/\/archive.sana.sy\/tr\/?p=326016","title":{"rendered":"Sivil Savunma, S\u00fcveyde\u2019de \u0130leti\u015fimi Kesilen Acil M\u00fcdahale Merkezi Ba\u015fkan\u0131\u2019n\u0131n Serbest B\u0131rak\u0131lmas\u0131 Talebini Yeniledi"},"content":{"rendered":"<p style=\"text-align: justify;\"><span style=\"color: #ff0000;\"><strong>\u015eAM (SANA) \u2013<\/strong><\/span> Suriye Sivil Savunma \u00d6rg\u00fct\u00fc, S\u00fcveyde \u015fehrindeki yetkililere hitaben, 16 Temmuz \u00c7ar\u015famba g\u00fcn\u00fc Birle\u015fmi\u015f Milletler ekibini tahliye g\u00f6revi s\u0131ras\u0131nda ileti\u015fimi kesilen Acil M\u00fcdahale Merkezi Ba\u015fkan\u0131 Hamza El Amarin\u2019in serbest b\u0131rak\u0131lmas\u0131 \u00e7a\u011fr\u0131s\u0131n\u0131 bir kez daha yeniledi.<\/p>\n<p style=\"text-align: justify;\">\u00d6rg\u00fct, bug\u00fcn yay\u0131mlad\u0131\u011f\u0131 a\u00e7\u0131klamada, insani yard\u0131m \u00e7al\u0131\u015fanlar\u0131na y\u00f6nelik bu t\u00fcr eylemlerin ciddi bir ihlal oldu\u011funu ve S\u00fcveyde ilindeki sivillere yard\u0131m s\u00fcrecini zorla\u015ft\u0131raca\u011f\u0131n\u0131 vurgulad\u0131.<\/p>\n<p style=\"text-align: justify;\">\u00d6rg\u00fct ayr\u0131ca, t\u00fcm Suriyelilere hizmet sunarken tarafs\u0131zl\u0131k ve ba\u011f\u0131ms\u0131zl\u0131k ilkesine tam ba\u011fl\u0131l\u0131klar\u0131n\u0131 yineleyerek, insani yard\u0131m \u00e7al\u0131\u015fmalar\u0131na sayg\u0131 g\u00f6sterilmesinin ve t\u00fcm insani \u00e7al\u0131\u015fanlar, sa\u011fl\u0131k g\u00f6revlileri ile m\u00fcdahale ekiplerinin g\u00fcvenli\u011finin sa\u011flanmas\u0131n\u0131n \u00f6nemini vurgulad\u0131.<\/p>\n","protected":false},"excerpt":{"rendered":"<p>\u015eAM (SANA) \u2013 Suriye Sivil Savunma \u00d6rg\u00fct\u00fc, S\u00fcveyde \u015fehrindeki yetkililere hitaben, 16 Temmuz \u00c7ar\u015famba g\u00fcn\u00fc Birle\u015fmi\u015f Milletler ekibini tahliye g\u00f6revi s\u0131ras\u0131nda ileti\u015fimi kesilen Acil M\u00fcdahale Merkezi Ba\u015fkan\u0131 Hamza El Amarin\u2019in serbest b\u0131rak\u0131lmas\u0131 \u00e7a\u011fr\u0131s\u0131n\u0131 bir kez daha yeniledi. \u00d6rg\u00fct, bug\u00fcn yay\u0131mlad\u0131\u011f\u0131 a\u00e7\u0131klamada, insani yard\u0131m \u00e7al\u0131\u015fanlar\u0131na y\u00f6nelik bu t\u00fcr eylemlerin ciddi bir ihlal oldu\u011funu ve S\u00fcveyde ilindeki &hellip;<\/p>\n","protected":false},"author":41,"featured_media":326017,"comment_status":"closed","ping_status":"closed","sticky":false,"template":"","format":"standard","meta":{"footnotes":""},"categories":[589,17988,478],"tags":[],"class_list":["post-326016","post","type-post","status-publish","format-standard","has-post-thumbnail","","category-haber-seridi","category-son-haberler","category-yerel"],"_links":{"self":[{"href":"https:\/\/archive.sana.sy\/tr\/index.php?rest_route=\/wp\/v2\/posts\/326016","targetHints":{"allow":["GET"]}}],"collection":[{"href":"https:\/\/archive.sana.sy\/tr\/index.php?rest_route=\/wp\/v2\/posts"}],"about":[{"href":"https:\/\/archive.sana.sy\/tr\/index.php?rest_route=\/wp\/v2\/types\/post"}],"author":[{"embeddable":true,"href":"https:\/\/archive.sana.sy\/tr\/index.php?rest_route=\/wp\/v2\/users\/41"}],"replies":[{"embeddable":true,"href":"https:\/\/archive.sana.sy\/tr\/index.php?rest_route=%2Fwp%2Fv2%2Fcomments&post=326016"}],"version-history":[{"count":1,"href":"https:\/\/archive.sana.sy\/tr\/index.php?rest_route=\/wp\/v2\/posts\/326016\/revisions"}],"predecessor-version":[{"id":326018,"href":"https:\/\/archive.sana.sy\/tr\/index.php?rest_route=\/wp\/v2\/posts\/326016\/revisions\/326018"}],"wp:featuredmedia":[{"embeddable":true,"href":"https:\/\/archive.sana.sy\/tr\/index.php?rest_route=\/wp\/v2\/media\/326017"}],"wp:attachment":[{"href":"https:\/\/archive.sana.sy\/tr\/index.php?rest_route=%2Fwp%2Fv2%2Fmedia&parent=326016"}],"wp:term":[{"taxonomy":"category","embeddable":true,"href":"https:\/\/archive.sana.sy\/tr\/index.php?rest_route=%2Fwp%2Fv2%2Fcategories&post=326016"},{"taxonomy":"post_tag","embeddable":true,"href":"https:\/\/archive.sana.sy\/tr\/index.php?rest_route=%2Fwp%2Fv2%2Ftags&post=326016"}],"curies":[{"name":"wp","href":"https:\/\/api.w.org\/{rel}","templated":true}]}}