{"id":326019,"date":"2025-07-20T21:53:58","date_gmt":"2025-07-20T18:53:58","guid":{"rendered":"https:\/\/sana.sy\/tr\/?p=326019"},"modified":"2025-07-20T21:53:58","modified_gmt":"2025-07-20T18:53:58","slug":"sosyal-isler-bakani-suveyda-halki-icin-acil-insani-yardimlarin-bir-kismi-ulastirildi","status":"publish","type":"post","link":"https:\/\/archive.sana.sy\/tr\/?p=326019","title":{"rendered":"Sosyal \u0130\u015fler Bakan\u0131: S\u00fcveyda Halk\u0131 \u0130\u00e7in Acil \u0130nsani Yard\u0131mlar\u0131n Bir K\u0131sm\u0131 Ula\u015ft\u0131r\u0131ld\u0131"},"content":{"rendered":"<p style=\"text-align: justify;\"><span style=\"color: #ff0000;\"><strong>\u015eAM (SANA) &#8211;<\/strong><\/span> Suriye Sosyal \u0130\u015fler Bakan\u0131 Hind Kabavvat, S\u00fcveyda iline y\u00f6nelik acil insani yard\u0131mlar\u0131n bir k\u0131sm\u0131n\u0131n, insani yard\u0131m kurulu\u015flar\u0131yla koordineli \u015fekilde b\u00f6lgeye ula\u015ft\u0131r\u0131ld\u0131\u011f\u0131n\u0131 a\u00e7\u0131klayarak, bu yard\u0131mlar\u0131n, g\u00fcvenlik durumu istikrara kavu\u015fana ve h\u00fck\u00fcmet heyeti ile kalan insani yard\u0131mlar\u0131n giri\u015fine izin verilene kadar halk\u0131n s\u0131k\u0131nt\u0131lar\u0131n\u0131 hafifletmeyi ama\u00e7lad\u0131\u011f\u0131n\u0131 belirtti.<\/p>\n<p style=\"text-align: justify;\">Bakan Kabavvat, SANA\u2019ya yapt\u0131\u011f\u0131 a\u00e7\u0131klamada, bakanl\u0131\u011f\u0131n ba\u015fta Suriye Arap K\u0131z\u0131lay\u0131 ve di\u011fer insani yard\u0131m kurulu\u015flar\u0131 olmak \u00fczere \u00e7e\u015fitli ortaklarla i\u015f birli\u011fi i\u00e7inde yard\u0131m sa\u011flad\u0131\u011f\u0131n\u0131 ifade etti.<\/p>\n<p style=\"text-align: justify;\">Kabavvat ayr\u0131ca, ula\u015ft\u0131r\u0131lan yard\u0131mlar\u0131n temel g\u0131da ve t\u0131bbi malzemeleri kapsad\u0131\u011f\u0131n\u0131, ayr\u0131ca S\u00fcveyda ve Dera illerindeki m\u00fcdahale kapasitesini art\u0131rmay\u0131 hedefleyen geni\u015f \u00e7apl\u0131 lojistik deste\u011fin de sa\u011fland\u0131\u011f\u0131n\u0131 vurgulad\u0131.<\/p>\n","protected":false},"excerpt":{"rendered":"<p>\u015eAM (SANA) &#8211; Suriye Sosyal \u0130\u015fler Bakan\u0131 Hind Kabavvat, S\u00fcveyda iline y\u00f6nelik acil insani yard\u0131mlar\u0131n bir k\u0131sm\u0131n\u0131n, insani yard\u0131m kurulu\u015flar\u0131yla koordineli \u015fekilde b\u00f6lgeye ula\u015ft\u0131r\u0131ld\u0131\u011f\u0131n\u0131 a\u00e7\u0131klayarak, bu yard\u0131mlar\u0131n, g\u00fcvenlik durumu istikrara kavu\u015fana ve h\u00fck\u00fcmet heyeti ile kalan insani yard\u0131mlar\u0131n giri\u015fine izin verilene kadar halk\u0131n s\u0131k\u0131nt\u0131lar\u0131n\u0131 hafifletmeyi ama\u00e7lad\u0131\u011f\u0131n\u0131 belirtti. Bakan Kabavvat, SANA\u2019ya yapt\u0131\u011f\u0131 a\u00e7\u0131klamada, bakanl\u0131\u011f\u0131n ba\u015fta Suriye &hellip;<\/p>\n","protected":false},"author":41,"featured_media":326020,"comment_status":"closed","ping_status":"closed","sticky":false,"template":"","format":"standard","meta":{"footnotes":""},"categories":[589,17988,478],"tags":[],"class_list":["post-326019","post","type-post","status-publish","format-standard","has-post-thumbnail","","category-haber-seridi","category-son-haberler","category-yerel"],"_links":{"self":[{"href":"https:\/\/archive.sana.sy\/tr\/index.php?rest_route=\/wp\/v2\/posts\/326019","targetHints":{"allow":["GET"]}}],"collection":[{"href":"https:\/\/archive.sana.sy\/tr\/index.php?rest_route=\/wp\/v2\/posts"}],"about":[{"href":"https:\/\/archive.sana.sy\/tr\/index.php?rest_route=\/wp\/v2\/types\/post"}],"author":[{"embeddable":true,"href":"https:\/\/archive.sana.sy\/tr\/index.php?rest_route=\/wp\/v2\/users\/41"}],"replies":[{"embeddable":true,"href":"https:\/\/archive.sana.sy\/tr\/index.php?rest_route=%2Fwp%2Fv2%2Fcomments&post=326019"}],"version-history":[{"count":1,"href":"https:\/\/archive.sana.sy\/tr\/index.php?rest_route=\/wp\/v2\/posts\/326019\/revisions"}],"predecessor-version":[{"id":326021,"href":"https:\/\/archive.sana.sy\/tr\/index.php?rest_route=\/wp\/v2\/posts\/326019\/revisions\/326021"}],"wp:featuredmedia":[{"embeddable":true,"href":"https:\/\/archive.sana.sy\/tr\/index.php?rest_route=\/wp\/v2\/media\/326020"}],"wp:attachment":[{"href":"https:\/\/archive.sana.sy\/tr\/index.php?rest_route=%2Fwp%2Fv2%2Fmedia&parent=326019"}],"wp:term":[{"taxonomy":"category","embeddable":true,"href":"https:\/\/archive.sana.sy\/tr\/index.php?rest_route=%2Fwp%2Fv2%2Fcategories&post=326019"},{"taxonomy":"post_tag","embeddable":true,"href":"https:\/\/archive.sana.sy\/tr\/index.php?rest_route=%2Fwp%2Fv2%2Ftags&post=326019"}],"curies":[{"name":"wp","href":"https:\/\/api.w.org\/{rel}","templated":true}]}}