{"id":326023,"date":"2025-07-21T09:43:22","date_gmt":"2025-07-21T06:43:22","guid":{"rendered":"https:\/\/sana.sy\/tr\/?p=326023"},"modified":"2025-07-21T14:58:19","modified_gmt":"2025-07-21T11:58:19","slug":"suriye-icisleri-bakanliginin-cabalari-sayesinde-suveydada-mahsur-kalan-bedevi-aileler-sehri-terk-etmeye-basladi","status":"publish","type":"post","link":"https:\/\/archive.sana.sy\/tr\/?p=326023","title":{"rendered":"Suriye \u0130\u00e7i\u015fleri Bakanl\u0131\u011f\u0131&#8217;n\u0131n \u00c7abalar\u0131 Sayesinde S\u00fcveyda&#8217;da Mahsur Kalan Bedevi Aileler \u015eehri Terk Etmeye Ba\u015flad\u0131"},"content":{"rendered":"<p style=\"text-align: justify;\"><span style=\"color: #ff0000;\"><strong>S\u00dcVEYDA (SANA) &#8211;<\/strong><\/span> S\u00fcveyda kentinde mahsur kalan Bedevi ailelerin tahliyesi bu sabah ba\u015flad\u0131.<\/p>\n<p style=\"text-align: justify;\">Suriye \u0130\u00e7i\u015fleri Bakanl\u0131\u011f\u0131&#8217;n\u0131n yo\u011fun \u00e7abalar\u0131 sonucunda, mevcut ko\u015fullar nedeniyle S\u00fcveyda ilini terk etmek isteyen t\u00fcm sivillerin, g\u00fcvenli bir \u015fekilde evlerine d\u00f6nene kadar tahliye edilmesi konusunda anla\u015fmaya var\u0131ld\u0131.<\/p>\n<p style=\"text-align: justify;\">S\u00fcveyda Valili\u011fi \u0130\u00e7 G\u00fcvenlik Kuvvetleri Komutan\u0131 Tu\u011fgeneral Ahmed El Dalati SANA&#8217;ya yapt\u0131\u011f\u0131 a\u00e7\u0131klamada, &#8220;S\u00fcveyda Valili\u011fi&#8217;nden ayr\u0131lmak isteyen herkesin g\u00fcvenli bir \u015fekilde \u00e7\u0131k\u0131\u015f\u0131n\u0131 sa\u011flama konusundaki tam kararl\u0131l\u0131\u011f\u0131m\u0131z\u0131 teyit ediyoruz ve vilayette istikrar\u0131 sa\u011flama ve g\u00fcvenli\u011fi yeniden sa\u011flama y\u00f6n\u00fcndeki devam eden \u00e7abalar\u0131m\u0131z\u0131n bir par\u00e7as\u0131 olarak, valili\u011fe giri\u015f imkan\u0131 sa\u011flayaca\u011f\u0131z&#8221; dedi.<\/p>\n<p style=\"text-align: justify;\">Tu\u011fgeneral Dalati ayr\u0131ca, S\u00fcveyda&#8217;n\u0131n g\u00fcvenli\u011fini sa\u011flamak ve olas\u0131 \u00e7at\u0131\u015fmalar\u0131 \u00f6nlemek amac\u0131yla etraf\u0131na g\u00fcvenlik kordonu olu\u015fturuldu\u011funu, b\u00f6ylece ilde uzla\u015f\u0131 ve istikrar yolunun korundu\u011funu kaydetti.<\/p>\n<p style=\"text-align: justify;\">Aileler, Tu\u011fgeneral El Dalati ve Dera Valili\u011fi \u0130\u00e7 G\u00fcvenlik Komutan\u0131 Tu\u011fgeneral \u015eaher Umran taraf\u0131ndan kar\u015f\u0131lan\u0131p, b\u00f6lgeyi g\u00fcvence alt\u0131na almak ve sivillerin g\u00fcvenli\u011fini sa\u011flamak i\u00e7in \u00e7al\u0131\u015fan \u0130\u00e7 G\u00fcvenlik G\u00fc\u00e7leri&#8217;nin geni\u015f \u00e7apl\u0131 konu\u015fland\u0131rmas\u0131 s\u0131ras\u0131nda tahliye edildi.<\/p>\n<p style=\"text-align: justify;\">Suriye h\u00fck\u00fcmeti, S\u00fcveyda Valili\u011fi&#8217;ndeki taraflarla, gerginli\u011fin azalt\u0131lmas\u0131 ve uzla\u015f\u0131n\u0131n sa\u011flanmas\u0131 amac\u0131yla arabuluculuk \u00e7abalar\u0131n\u0131 s\u00fcrd\u00fcr\u00fcrken, t\u00fcm taraflar\u0131n ate\u015fkese uymas\u0131 ve devlet kurumlar\u0131n\u0131n g\u00fcvenlik ve istikrar\u0131n sa\u011flanmas\u0131nda rol oynamas\u0131na izin verilmesi gerekti\u011fini vurgulad\u0131.<\/p>\n<p style=\"text-align: justify;\">Suriye h\u00fck\u00fcmeti ayr\u0131ca, hasarl\u0131 altyap\u0131 nedeniyle yard\u0131m malzemeleri ve temel hizmetlerde ya\u015fanan ciddi s\u0131k\u0131nt\u0131lar nedeniyle, insani ihtiya\u00e7lar\u0131 kar\u015f\u0131lamak ve \u015fehir i\u00e7indeki \u00e7a\u011fr\u0131lara acilen yan\u0131t vermek i\u00e7in \u00e7al\u0131\u015f\u0131rken, D\u0131\u015fi\u015fleri Bakanl\u0131\u011f\u0131, S\u00fcveyda halk\u0131na gerekli t\u00fcm yard\u0131mlar\u0131n ula\u015ft\u0131r\u0131lmas\u0131 ve t\u00fcm yerinden edilmi\u015f ki\u015filerin evlerine g\u00fcvenli bir \u015fekilde geri d\u00f6nmesinin sa\u011flanmas\u0131 i\u00e7in yerel ve uluslararas\u0131 ortaklarla koordinasyonun devam etti\u011fini belirtti.<\/p>\n<p style=\"text-align: justify;\">S\u00fcveyda vilayetine acil yard\u0131m malzemesi ihtiyac\u0131 olmas\u0131na ra\u011fmen, Hikmet El Heceri d\u00fcn resmi bir h\u00fck\u00fcmet heyetinin ve yard\u0131m konvoyunun vilayete girmesine izin vermeyi reddemi\u015fti. Sadece Suriye Arap K\u0131z\u0131lay\u0131&#8217;na ba\u011fl\u0131 bir konvoy b\u00f6lgeye girebildi.<\/p>\n<div id='gallery-1' class='gallery galleryid-326023 gallery-columns-3 gallery-size-full'><figure class='gallery-item'>\n\t\t\t<div class='gallery-icon landscape'>\n\t\t\t\t<a href='https:\/\/archive.sana.sy\/tr\/wp-content\/uploads\/2025\/07\/photo_2025-07-21_07-49-27.jpg'><img loading=\"lazy\" decoding=\"async\" width=\"1280\" height=\"720\" src=\"https:\/\/archive.sana.sy\/tr\/wp-content\/uploads\/2025\/07\/photo_2025-07-21_07-49-27.jpg\" class=\"attachment-full size-full\" alt=\"\" srcset=\"https:\/\/archive.sana.sy\/tr\/wp-content\/uploads\/2025\/07\/photo_2025-07-21_07-49-27.jpg 1280w, https:\/\/archive.sana.sy\/tr\/wp-content\/uploads\/2025\/07\/photo_2025-07-21_07-49-27-300x169.jpg 300w, https:\/\/archive.sana.sy\/tr\/wp-content\/uploads\/2025\/07\/photo_2025-07-21_07-49-27-1024x576.jpg 1024w, https:\/\/archive.sana.sy\/tr\/wp-content\/uploads\/2025\/07\/photo_2025-07-21_07-49-27-768x432.jpg 768w\" sizes=\"auto, (max-width: 1280px) 100vw, 1280px\" \/><\/a>\n\t\t\t<\/div><\/figure><figure class='gallery-item'>\n\t\t\t<div class='gallery-icon landscape'>\n\t\t\t\t<a href='https:\/\/archive.sana.sy\/tr\/wp-content\/uploads\/2025\/07\/photo_2025-07-21_07-49-28-2.jpg'><img loading=\"lazy\" decoding=\"async\" width=\"1280\" height=\"720\" src=\"https:\/\/archive.sana.sy\/tr\/wp-content\/uploads\/2025\/07\/photo_2025-07-21_07-49-28-2.jpg\" class=\"attachment-full size-full\" alt=\"\" srcset=\"https:\/\/archive.sana.sy\/tr\/wp-content\/uploads\/2025\/07\/photo_2025-07-21_07-49-28-2.jpg 1280w, https:\/\/archive.sana.sy\/tr\/wp-content\/uploads\/2025\/07\/photo_2025-07-21_07-49-28-2-300x169.jpg 300w, https:\/\/archive.sana.sy\/tr\/wp-content\/uploads\/2025\/07\/photo_2025-07-21_07-49-28-2-1024x576.jpg 1024w, https:\/\/archive.sana.sy\/tr\/wp-content\/uploads\/2025\/07\/photo_2025-07-21_07-49-28-2-768x432.jpg 768w\" sizes=\"auto, (max-width: 1280px) 100vw, 1280px\" \/><\/a>\n\t\t\t<\/div><\/figure><figure class='gallery-item'>\n\t\t\t<div class='gallery-icon landscape'>\n\t\t\t\t<a href='https:\/\/archive.sana.sy\/tr\/wp-content\/uploads\/2025\/07\/photo_2025-07-21_07-49-28-3.jpg'><img loading=\"lazy\" decoding=\"async\" width=\"1280\" height=\"720\" src=\"https:\/\/archive.sana.sy\/tr\/wp-content\/uploads\/2025\/07\/photo_2025-07-21_07-49-28-3.jpg\" class=\"attachment-full size-full\" alt=\"\" srcset=\"https:\/\/archive.sana.sy\/tr\/wp-content\/uploads\/2025\/07\/photo_2025-07-21_07-49-28-3.jpg 1280w, https:\/\/archive.sana.sy\/tr\/wp-content\/uploads\/2025\/07\/photo_2025-07-21_07-49-28-3-300x169.jpg 300w, https:\/\/archive.sana.sy\/tr\/wp-content\/uploads\/2025\/07\/photo_2025-07-21_07-49-28-3-1024x576.jpg 1024w, https:\/\/archive.sana.sy\/tr\/wp-content\/uploads\/2025\/07\/photo_2025-07-21_07-49-28-3-768x432.jpg 768w\" sizes=\"auto, (max-width: 1280px) 100vw, 1280px\" \/><\/a>\n\t\t\t<\/div><\/figure><figure class='gallery-item'>\n\t\t\t<div class='gallery-icon landscape'>\n\t\t\t\t<a href='https:\/\/archive.sana.sy\/tr\/wp-content\/uploads\/2025\/07\/photo_2025-07-21_07-49-30.jpg'><img loading=\"lazy\" decoding=\"async\" width=\"1280\" height=\"720\" src=\"https:\/\/archive.sana.sy\/tr\/wp-content\/uploads\/2025\/07\/photo_2025-07-21_07-49-30.jpg\" class=\"attachment-full size-full\" alt=\"\" srcset=\"https:\/\/archive.sana.sy\/tr\/wp-content\/uploads\/2025\/07\/photo_2025-07-21_07-49-30.jpg 1280w, https:\/\/archive.sana.sy\/tr\/wp-content\/uploads\/2025\/07\/photo_2025-07-21_07-49-30-300x169.jpg 300w, https:\/\/archive.sana.sy\/tr\/wp-content\/uploads\/2025\/07\/photo_2025-07-21_07-49-30-1024x576.jpg 1024w, https:\/\/archive.sana.sy\/tr\/wp-content\/uploads\/2025\/07\/photo_2025-07-21_07-49-30-768x432.jpg 768w\" sizes=\"auto, (max-width: 1280px) 100vw, 1280px\" \/><\/a>\n\t\t\t<\/div><\/figure><figure class='gallery-item'>\n\t\t\t<div class='gallery-icon landscape'>\n\t\t\t\t<a href='https:\/\/archive.sana.sy\/tr\/wp-content\/uploads\/2025\/07\/photo_2025-07-21_07-54-36.jpg'><img loading=\"lazy\" decoding=\"async\" width=\"1280\" height=\"720\" src=\"https:\/\/archive.sana.sy\/tr\/wp-content\/uploads\/2025\/07\/photo_2025-07-21_07-54-36.jpg\" class=\"attachment-full size-full\" alt=\"\" srcset=\"https:\/\/archive.sana.sy\/tr\/wp-content\/uploads\/2025\/07\/photo_2025-07-21_07-54-36.jpg 1280w, https:\/\/archive.sana.sy\/tr\/wp-content\/uploads\/2025\/07\/photo_2025-07-21_07-54-36-300x169.jpg 300w, https:\/\/archive.sana.sy\/tr\/wp-content\/uploads\/2025\/07\/photo_2025-07-21_07-54-36-1024x576.jpg 1024w, https:\/\/archive.sana.sy\/tr\/wp-content\/uploads\/2025\/07\/photo_2025-07-21_07-54-36-768x432.jpg 768w\" sizes=\"auto, (max-width: 1280px) 100vw, 1280px\" \/><\/a>\n\t\t\t<\/div><\/figure><figure class='gallery-item'>\n\t\t\t<div class='gallery-icon landscape'>\n\t\t\t\t<a href='https:\/\/archive.sana.sy\/tr\/wp-content\/uploads\/2025\/07\/photo_2025-07-21_07-54-37.jpg'><img loading=\"lazy\" decoding=\"async\" width=\"1280\" height=\"720\" src=\"https:\/\/archive.sana.sy\/tr\/wp-content\/uploads\/2025\/07\/photo_2025-07-21_07-54-37.jpg\" class=\"attachment-full size-full\" alt=\"\" srcset=\"https:\/\/archive.sana.sy\/tr\/wp-content\/uploads\/2025\/07\/photo_2025-07-21_07-54-37.jpg 1280w, https:\/\/archive.sana.sy\/tr\/wp-content\/uploads\/2025\/07\/photo_2025-07-21_07-54-37-300x169.jpg 300w, https:\/\/archive.sana.sy\/tr\/wp-content\/uploads\/2025\/07\/photo_2025-07-21_07-54-37-1024x576.jpg 1024w, https:\/\/archive.sana.sy\/tr\/wp-content\/uploads\/2025\/07\/photo_2025-07-21_07-54-37-768x432.jpg 768w\" sizes=\"auto, (max-width: 1280px) 100vw, 1280px\" \/><\/a>\n\t\t\t<\/div><\/figure><figure class='gallery-item'>\n\t\t\t<div class='gallery-icon landscape'>\n\t\t\t\t<a href='https:\/\/archive.sana.sy\/tr\/wp-content\/uploads\/2025\/07\/photo_2025-07-21_07-54-37-2.jpg'><img loading=\"lazy\" decoding=\"async\" width=\"1280\" height=\"720\" src=\"https:\/\/archive.sana.sy\/tr\/wp-content\/uploads\/2025\/07\/photo_2025-07-21_07-54-37-2.jpg\" class=\"attachment-full size-full\" alt=\"\" srcset=\"https:\/\/archive.sana.sy\/tr\/wp-content\/uploads\/2025\/07\/photo_2025-07-21_07-54-37-2.jpg 1280w, https:\/\/archive.sana.sy\/tr\/wp-content\/uploads\/2025\/07\/photo_2025-07-21_07-54-37-2-300x169.jpg 300w, https:\/\/archive.sana.sy\/tr\/wp-content\/uploads\/2025\/07\/photo_2025-07-21_07-54-37-2-1024x576.jpg 1024w, https:\/\/archive.sana.sy\/tr\/wp-content\/uploads\/2025\/07\/photo_2025-07-21_07-54-37-2-768x432.jpg 768w\" sizes=\"auto, (max-width: 1280px) 100vw, 1280px\" \/><\/a>\n\t\t\t<\/div><\/figure><figure class='gallery-item'>\n\t\t\t<div class='gallery-icon landscape'>\n\t\t\t\t<a href='https:\/\/archive.sana.sy\/tr\/wp-content\/uploads\/2025\/07\/photo_2025-07-21_07-54-37-3.jpg'><img loading=\"lazy\" decoding=\"async\" width=\"1280\" height=\"720\" src=\"https:\/\/archive.sana.sy\/tr\/wp-content\/uploads\/2025\/07\/photo_2025-07-21_07-54-37-3.jpg\" class=\"attachment-full size-full\" alt=\"\" srcset=\"https:\/\/archive.sana.sy\/tr\/wp-content\/uploads\/2025\/07\/photo_2025-07-21_07-54-37-3.jpg 1280w, https:\/\/archive.sana.sy\/tr\/wp-content\/uploads\/2025\/07\/photo_2025-07-21_07-54-37-3-300x169.jpg 300w, https:\/\/archive.sana.sy\/tr\/wp-content\/uploads\/2025\/07\/photo_2025-07-21_07-54-37-3-1024x576.jpg 1024w, https:\/\/archive.sana.sy\/tr\/wp-content\/uploads\/2025\/07\/photo_2025-07-21_07-54-37-3-768x432.jpg 768w\" sizes=\"auto, (max-width: 1280px) 100vw, 1280px\" \/><\/a>\n\t\t\t<\/div><\/figure><figure class='gallery-item'>\n\t\t\t<div class='gallery-icon landscape'>\n\t\t\t\t<a href='https:\/\/archive.sana.sy\/tr\/wp-content\/uploads\/2025\/07\/photo_2025-07-21_08-02-15.jpg'><img loading=\"lazy\" decoding=\"async\" width=\"1280\" height=\"720\" src=\"https:\/\/archive.sana.sy\/tr\/wp-content\/uploads\/2025\/07\/photo_2025-07-21_08-02-15.jpg\" class=\"attachment-full size-full\" alt=\"\" srcset=\"https:\/\/archive.sana.sy\/tr\/wp-content\/uploads\/2025\/07\/photo_2025-07-21_08-02-15.jpg 1280w, https:\/\/archive.sana.sy\/tr\/wp-content\/uploads\/2025\/07\/photo_2025-07-21_08-02-15-300x169.jpg 300w, https:\/\/archive.sana.sy\/tr\/wp-content\/uploads\/2025\/07\/photo_2025-07-21_08-02-15-1024x576.jpg 1024w, https:\/\/archive.sana.sy\/tr\/wp-content\/uploads\/2025\/07\/photo_2025-07-21_08-02-15-768x432.jpg 768w\" sizes=\"auto, (max-width: 1280px) 100vw, 1280px\" \/><\/a>\n\t\t\t<\/div><\/figure>\n\t\t<\/div>\n\n","protected":false},"excerpt":{"rendered":"<p>S\u00dcVEYDA (SANA) &#8211; S\u00fcveyda kentinde mahsur kalan Bedevi ailelerin tahliyesi bu sabah ba\u015flad\u0131. Suriye \u0130\u00e7i\u015fleri Bakanl\u0131\u011f\u0131&#8217;n\u0131n yo\u011fun \u00e7abalar\u0131 sonucunda, mevcut ko\u015fullar nedeniyle S\u00fcveyda ilini terk etmek isteyen t\u00fcm sivillerin, g\u00fcvenli bir \u015fekilde evlerine d\u00f6nene kadar tahliye edilmesi konusunda anla\u015fmaya var\u0131ld\u0131. S\u00fcveyda Valili\u011fi \u0130\u00e7 G\u00fcvenlik Kuvvetleri Komutan\u0131 Tu\u011fgeneral Ahmed El Dalati SANA&#8217;ya yapt\u0131\u011f\u0131 a\u00e7\u0131klamada, &#8220;S\u00fcveyda Valili\u011fi&#8217;nden &hellip;<\/p>\n","protected":false},"author":36,"featured_media":326033,"comment_status":"closed","ping_status":"closed","sticky":false,"template":"","format":"standard","meta":{"footnotes":""},"categories":[596,589,479,17988,478],"tags":[],"class_list":["post-326023","post","type-post","status-publish","format-standard","has-post-thumbnail","","category-fotografli-raporlar","category-haber-seridi","category-haberler-yerel","category-son-haberler","category-yerel"],"_links":{"self":[{"href":"https:\/\/archive.sana.sy\/tr\/index.php?rest_route=\/wp\/v2\/posts\/326023","targetHints":{"allow":["GET"]}}],"collection":[{"href":"https:\/\/archive.sana.sy\/tr\/index.php?rest_route=\/wp\/v2\/posts"}],"about":[{"href":"https:\/\/archive.sana.sy\/tr\/index.php?rest_route=\/wp\/v2\/types\/post"}],"author":[{"embeddable":true,"href":"https:\/\/archive.sana.sy\/tr\/index.php?rest_route=\/wp\/v2\/users\/36"}],"replies":[{"embeddable":true,"href":"https:\/\/archive.sana.sy\/tr\/index.php?rest_route=%2Fwp%2Fv2%2Fcomments&post=326023"}],"version-history":[{"count":3,"href":"https:\/\/archive.sana.sy\/tr\/index.php?rest_route=\/wp\/v2\/posts\/326023\/revisions"}],"predecessor-version":[{"id":326067,"href":"https:\/\/archive.sana.sy\/tr\/index.php?rest_route=\/wp\/v2\/posts\/326023\/revisions\/326067"}],"wp:featuredmedia":[{"embeddable":true,"href":"https:\/\/archive.sana.sy\/tr\/index.php?rest_route=\/wp\/v2\/media\/326033"}],"wp:attachment":[{"href":"https:\/\/archive.sana.sy\/tr\/index.php?rest_route=%2Fwp%2Fv2%2Fmedia&parent=326023"}],"wp:term":[{"taxonomy":"category","embeddable":true,"href":"https:\/\/archive.sana.sy\/tr\/index.php?rest_route=%2Fwp%2Fv2%2Fcategories&post=326023"},{"taxonomy":"post_tag","embeddable":true,"href":"https:\/\/archive.sana.sy\/tr\/index.php?rest_route=%2Fwp%2Fv2%2Ftags&post=326023"}],"curies":[{"name":"wp","href":"https:\/\/api.w.org\/{rel}","templated":true}]}}