{"id":32603,"date":"2015-05-09T21:02:03","date_gmt":"2015-05-09T18:02:03","guid":{"rendered":"http:\/\/sana.sy\/tr\/?p=32603"},"modified":"2015-05-10T13:19:28","modified_gmt":"2015-05-10T10:19:28","slug":"isid-ve-nusra-cephesi-teror-orgutlerinin-agir-kayiplari-suruyor","status":"publish","type":"post","link":"https:\/\/archive.sana.sy\/tr\/?p=32603","title":{"rendered":"I\u015e\u0130D ve Nusra Cephesi Ter\u00f6r \u00d6rg\u00fctlerinin A\u011f\u0131r Kay\u0131plar\u0131 S\u00fcr\u00fcyor"},"content":{"rendered":"<p>\u0130LLER : Dera, Kunaytra, Homs, S\u00fcveyda ve daha ba\u015fka b\u00f6lgelerde d\u0131\u015f destekli radikal ve vatan haini ter\u00f6rist \u00f6rg\u00fctlere y\u00f6nelik ordu birliklerimizin ba\u015far\u0131l\u0131 operasyonlar\u0131 s\u00fcr\u00fcyor.<\/p>\n<p><span style=\"color: #0000ff\">DERA :<\/span><\/p>\n<p>Askeri kaynak ordu birliklerimizin Dera k\u0131rsal\u0131n\u0131n kuzeydo\u011fusunda Dael Beldesinden gelerek\u00a0Hurbat Gazale K\u00f6y\u00fc ve ahalisine sald\u0131r\u0131 giri\u015fiminde bulunan \u0130srail ve \u00dcrd\u00fcn destekli bir ter\u00f6r grubuyla \u00e7at\u0131\u015fmaya girdiklerini s\u00f6yledi.<\/p>\n<p>Kaynak \u00e7at\u0131\u015fmada tekfiri ter\u00f6r grubundaki t\u00fcm elemanlar\u0131n \u00f6l\u00fc d\u00fc\u015f\u00fcr\u00fcld\u00fc\u011f\u00fcn\u00fc ifade ederken; kulland\u0131klar\u0131 silah, cephane ve bir k\u0131sm\u0131 a\u011f\u0131r silahlarla donan\u0131ml\u0131 ara\u00e7lar\u0131n\u0131n da imha edildi\u011fini s\u00f6yledi.<\/p>\n<p>Dera k\u0131rsal\u0131n\u0131n kuzeydo\u011fusu el Kerk Beldesinde ise ordu birliklerimiz askeri bir kontrol noktas\u0131na sald\u0131rmaya \u00e7al\u0131\u015fan bir ter\u00f6r grubuyla \u00e7at\u0131\u015fmaya girerek sald\u0131rganlar\u0131n \u00e7o\u011funu \u00f6l\u00fc d\u00fc\u015f\u00fcrerek ara\u00e7lar\u0131n\u0131 da imha etti.<\/p>\n<p>Ordu birliklerimiz Um el Avsec K\u00f6y\u00fc ile el Hara Kasabas\u0131 aras\u0131nda tekfiri ter\u00f6r \u00f6rg\u00fctlere ait konvoy halindeki ara\u00e7lar\u0131 ta\u015f\u0131d\u0131klar\u0131 ter\u00f6rist ve cephaneyle birlikte imha etti.<\/p>\n<p>Dera k\u0131rsal\u0131n\u0131n kuzeybat\u0131s\u0131 Tel le Mal b\u00f6lgesinde de ordu birliklerimiz uluslararas\u0131 ter\u00f6r listesinde yer almas\u0131n\u0131n yan\u0131nda \u0130srail ve \u00dcrd\u00fcn taraf\u0131ndan desteklenen Nusra Cephesine tabi \u00e7ok say\u0131da ter\u00f6risti etkisizle\u015ftirdi.<\/p>\n<p>Ordu birliklerimiz Dera k\u0131rsal\u0131 T\u0131yha ve Kefar\u015fems b\u00f6lgelerinde Nusra Cephesinde \u00e7ok say\u0131da ter\u00f6risti \u00f6l\u00fc ve yaral\u0131 d\u00fc\u015f\u00fcrd\u00fc.<\/p>\n<p><span style=\"color: #0000ff\">KUNAYTRA :<\/span><\/p>\n<p>Kunaytra k\u0131rsal\u0131nda ordu birliklerimiz; Kaide \u00d6rg\u00fct\u00fcn\u00fcn Suriye kolu Nusra Cephesi ve m\u00fcttefikleri muhtelif \u00f6rg\u00fctlere ba\u011fl\u0131 ter\u00f6ristleri havzalar\u0131nda bulunan askeri te\u00e7hizat ve ara\u00e7larla birlikte imha etti.<\/p>\n<p>Askeri kaynak bir ordu birli\u011fimizin Meshara Beldesinde; i\u015fgalci \u0130srail&#8217;in askeri ve lojistik destek sa\u011flay\u0131p Suriye ve halk\u0131na kar\u015f\u0131 kinini kusmada edat olarak kulland\u0131\u011f\u0131 ter\u00f6ristlerden onlarcas\u0131n\u0131 etkisizle\u015ftirdi. Operasyonlarda bir k\u0131sm\u0131 a\u011f\u0131r silahlarla donat\u0131lm\u0131\u015f \u00e7ok say\u0131da ara\u00e7 ve b\u00fcy\u00fck miktarda cephaneleri de imha edildi.<\/p>\n<p><span style=\"color: #0000ff\">HOMS:<\/span><\/p>\n<p>Ordu birliklerimiz Homs&#8217;un do\u011fu ve kuzey k\u0131rsallar\u0131nda I\u015e\u0130D ve Nusra Cephesi ter\u00f6r \u00f6rg\u00fctlerinin toplanma merkez ve karargahlar\u0131n\u0131 hedef alma operasyonlar\u0131n\u0131 s\u00fcrd\u00fcrd\u00fc.<\/p>\n<p>Askeri kaynak ordu birliklerimizin Homs do\u011fu k\u0131rsal\u0131nda ter\u00f6ristlerin hareketlenmelerini takip etmeleri ard\u0131ndan el Hureyce, Ar\u015fune ve Sultaniye k\u00f6ylerinde operasyonlar\u0131n\u0131 yo\u011funla\u015ft\u0131rd\u0131klar\u0131n\u0131 s\u00f6yledi. Operasyonlarda \u00e7ok say\u0131da ter\u00f6ristin \u00f6l\u00fc ve yaral\u0131 d\u00fc\u015f\u00fcr\u00fcld\u00fc\u011f\u00fcn\u00fc belirten kaynak; ellerindeki silah, cephane, te\u00e7hizat ve ara\u00e7lar\u0131n da imha edildi\u011fini ifade etti.<\/p>\n<p>Kaynak ordu birliklerimizin Homs k\u0131rsal\u0131 kuzeyindeki Kefarlaha K\u00f6y\u00fc Kuzey Okulu yak\u0131nlar\u0131nda ter\u00f6ristlerin hareketlenmelerini ba\u015far\u0131l\u0131 bir operasyonla hedef ald\u0131klar\u0131n\u0131 s\u00f6yledi. Operasyon sonucunda, Nusra Cephesi, Tevhit Ordusu, Homs Kolordusu, Ehli S\u00fcnnet ve Cemaat, Ecnad el \u015eam ve Ahrar el \u015eam \u0130slami Hareketi adlar\u0131yla bilinen radikal ter\u00f6r \u00f6rg\u00fctlerden\u00a0 onlarca ter\u00f6ristin \u00f6l\u00fc ve yaral\u0131 d\u00fc\u015f\u00fcr\u00fcld\u00fcklerini aktard\u0131.<\/p>\n<p><span style=\"color: #0000ff\">S\u00dcVEYDA:<\/span><\/p>\n<p>Di\u011fer yandan S\u00fcveyda do\u011fu k\u0131rsal\u0131nda ordu birliklerimizin I\u015e\u0130D ter\u00f6ristlerine y\u00f6nelik d\u00fczenledi\u011fi ba\u015far\u0131l\u0131 operasyonlarda \u00e7ok say\u0131da ter\u00f6risti \u00f6l\u00fc ve yaral\u0131 d\u00fc\u015f\u00fcr\u00fcld\u00fc.<\/p>\n<p>Askeri kaynak S\u00fcveyda do\u011fu k\u0131rsal\u0131ndaki el Re\u015fide K\u00f6y\u00fcnde I\u015e\u0130D ter\u00f6r \u00f6rg\u00fct\u00fcne ait olan ve baz\u0131lar\u0131 a\u011f\u0131r silahlarla donan\u0131ml\u0131 konvoy halindeki ara\u00e7lar\u0131n imha edildi\u011fini a\u00e7\u0131klad\u0131.<\/p>\n<p><span style=\"color: #0000ff\">LAZK\u0130YE :<\/span><\/p>\n<p>\u00d6te yandan kaynak; hava kuvvetlerimizin Lazkiye k\u0131rsal\u0131n\u0131n kuzeyi Semkufe, Cub el Ahmar, Ruveyset Handak el Setrek, Mu\u011feriye ve T\u0131rt\u0131yah k\u00f6ylerinde ter\u00f6ristlerin toplanma yerleri ve mevkilerini hedef ald\u0131klar\u0131n\u0131 aktard\u0131.<\/p>\n<p>Kaynak; operasyonlarda Vahhabi \u00c2l Suud rejiminden desteklerin Nusra Cephesi ve &#8221;\u00a0Ahrar el \u015eam\u00a0\u0130slami Hareketi&#8221; \u00e7etelerine ait ara\u00e7, silah ve m\u00fchimmatlar\u0131n\u0131n imha edilip \u00e7ok say\u0131da ter\u00f6ristin \u00f6l\u00fc ve yaral\u0131 d\u00fc\u015f\u00fcr\u00fcld\u00fc\u011f\u00fcn\u00fc belirtti.<\/p>\n<p>A.A. &#8211;\u00a0S.\u015e<\/p>\n","protected":false},"excerpt":{"rendered":"<p>\u0130LLER : Dera, Kunaytra, Homs, S\u00fcveyda ve daha ba\u015fka b\u00f6lgelerde d\u0131\u015f destekli radikal ve vatan haini ter\u00f6rist \u00f6rg\u00fctlere y\u00f6nelik ordu birliklerimizin ba\u015far\u0131l\u0131 operasyonlar\u0131 s\u00fcr\u00fcyor. DERA : Askeri kaynak ordu birliklerimizin Dera k\u0131rsal\u0131n\u0131n kuzeydo\u011fusunda Dael Beldesinden gelerek\u00a0Hurbat Gazale K\u00f6y\u00fc ve ahalisine sald\u0131r\u0131 giri\u015fiminde bulunan \u0130srail ve \u00dcrd\u00fcn destekli bir ter\u00f6r grubuyla \u00e7at\u0131\u015fmaya girdiklerini s\u00f6yledi. Kaynak \u00e7at\u0131\u015fmada &hellip;<\/p>\n","protected":false},"author":1,"featured_media":32605,"comment_status":"closed","ping_status":"closed","sticky":false,"template":"","format":"standard","meta":{"footnotes":""},"categories":[575],"tags":[14391],"class_list":["post-32603","post","type-post","status-publish","format-standard","has-post-thumbnail","","category-olaylar-ve-gercekler","tag-isid-ve-nusra-cephesi-teror-orgutlerinin-agir-kayiplari-suruyor"],"_links":{"self":[{"href":"https:\/\/archive.sana.sy\/tr\/index.php?rest_route=\/wp\/v2\/posts\/32603","targetHints":{"allow":["GET"]}}],"collection":[{"href":"https:\/\/archive.sana.sy\/tr\/index.php?rest_route=\/wp\/v2\/posts"}],"about":[{"href":"https:\/\/archive.sana.sy\/tr\/index.php?rest_route=\/wp\/v2\/types\/post"}],"author":[{"embeddable":true,"href":"https:\/\/archive.sana.sy\/tr\/index.php?rest_route=\/wp\/v2\/users\/1"}],"replies":[{"embeddable":true,"href":"https:\/\/archive.sana.sy\/tr\/index.php?rest_route=%2Fwp%2Fv2%2Fcomments&post=32603"}],"version-history":[{"count":0,"href":"https:\/\/archive.sana.sy\/tr\/index.php?rest_route=\/wp\/v2\/posts\/32603\/revisions"}],"wp:featuredmedia":[{"embeddable":true,"href":"https:\/\/archive.sana.sy\/tr\/index.php?rest_route=\/wp\/v2\/media\/32605"}],"wp:attachment":[{"href":"https:\/\/archive.sana.sy\/tr\/index.php?rest_route=%2Fwp%2Fv2%2Fmedia&parent=32603"}],"wp:term":[{"taxonomy":"category","embeddable":true,"href":"https:\/\/archive.sana.sy\/tr\/index.php?rest_route=%2Fwp%2Fv2%2Fcategories&post=32603"},{"taxonomy":"post_tag","embeddable":true,"href":"https:\/\/archive.sana.sy\/tr\/index.php?rest_route=%2Fwp%2Fv2%2Ftags&post=32603"}],"curies":[{"name":"wp","href":"https:\/\/api.w.org\/{rel}","templated":true}]}}